{"id":42896,"date":"2023-12-07T04:25:49","date_gmt":"2023-12-07T10:25:49","guid":{"rendered":"https:\/\/elinformante.mx\/?p=42896"},"modified":"2023-12-07T04:25:50","modified_gmt":"2023-12-07T10:25:50","slug":"vuelven-las-corridas-de-toros-a-la-plaza-mexico-de-la-cdmx","status":"publish","type":"post","link":"https:\/\/elinformante.mx\/?p=42896","title":{"rendered":"Vuelven las corridas de toros a la Plaza M\u00e9xico de la CDMX"},"content":{"rendered":"\n<blockquote class=\"wp-block-quote is-layout-flow wp-block-quote-is-layout-flow\">\n<p>La Segunda Sala de la Suprema Corte de Justicia de la Naci\u00f3n quit\u00f3 el freno que hab\u00eda impuesto en mayo del 2022.<\/p>\n<\/blockquote>\n\n\n\n<p>La Segunda Sala de la Suprema Corte de Justicia de la Naci\u00f3n quit\u00f3 el freno a las corridas de toros en la Plaza M\u00e9xico. Por unanimidad, la sala decidi\u00f3 revocar la suspensi\u00f3n que imped\u00eda realizar estos espect\u00e1culos taurinos en el recinto, desde mayo del 2022. El Juez Primero de Distrito en Materia Administrativa en la Ciudad de M\u00e9xico, Jonathan Bass, concedi\u00f3 en 2022 una suspensi\u00f3n definitiva en un juicio de amparo, promovido por la asociaci\u00f3n Justicia Justa.<br><\/p>\n\n\n\n<p>La medida fue impugnada y enviada a un tribunal colegiado, posteriormente, el caso lleg\u00f3 a la Corte. La ministra Yasm\u00edn Esquivel propuso a los otros integrantes de la sala, quitar la prohibici\u00f3n de realizar las corridas de toros, lo que fue respaldado por tres ministros m\u00e1s. Esto significa que estos espect\u00e1culos taurinos regresar\u00e1n a la Plaza M\u00e9xico, luego de que se notifique el fallo de la Corte.<br><\/p>\n\n\n\n<p>Los ministros de la SCJN no analizaron el fondo del asunto, solamente la suspensi\u00f3n, ya que el juicio de amparo sigue su curso. La asociaci\u00f3n Va por Sus Derechos pidi\u00f3 a los ministros, en septiembre pasado, que se mantenga la prohibici\u00f3n. Esta organizaci\u00f3n envi\u00f3 un amicus curiae a la Sala en el que se\u00f1al\u00f3 que estos espect\u00e1culos afectan el derecho a un medio ambiente sano y libre de violencia, pues es una pr\u00e1ctica que implica dolor y sufrimiento innecesario a los toros que son asesinados.<br><\/p>\n\n\n\n<figure class=\"wp-block-image size-large\"><img fetchpriority=\"high\" decoding=\"async\" width=\"1024\" height=\"503\" src=\"https:\/\/elinformante.mx\/wp-content\/uploads\/2023\/12\/VUELVEN-LAS-1024x503.jpg\" alt=\"\" class=\"wp-image-42898\" srcset=\"https:\/\/elinformante.mx\/wp-content\/uploads\/2023\/12\/VUELVEN-LAS-1024x503.jpg 1024w, https:\/\/elinformante.mx\/wp-content\/uploads\/2023\/12\/VUELVEN-LAS-300x147.jpg 300w, https:\/\/elinformante.mx\/wp-content\/uploads\/2023\/12\/VUELVEN-LAS-768x377.jpg 768w, https:\/\/elinformante.mx\/wp-content\/uploads\/2023\/12\/VUELVEN-LAS-580x285.jpg 580w, https:\/\/elinformante.mx\/wp-content\/uploads\/2023\/12\/VUELVEN-LAS-860x422.jpg 860w, https:\/\/elinformante.mx\/wp-content\/uploads\/2023\/12\/VUELVEN-LAS.jpg 1140w\" sizes=\"(max-width: 1024px) 100vw, 1024px\" \/><\/figure>\n\n\n\n<p>Los ministros de la SCJN consideraron incorrecto que se mantuviera la suspensi\u00f3n, ya que la asociaci\u00f3n civil no acredit\u00f3 la existencia de una afectaci\u00f3n inminente e irreparable en su contra, que hiciera necesaria una medida cautelar, en lo que se resuelve el fondo del juicio.<br><\/p>\n\n\n\n<p>Adem\u00e1s, consideraron que conceder la suspensi\u00f3n afectaba derechos legalmente constituidos a favor de las personas que participan en las corridas de toros, pues se trata de una actividad reconocida como l\u00edcita que, incluso, se ha regulado a trav\u00e9s de diversos instrumentos normativos.<br><\/p>\n\n\n\n<p>En mayo del 2022 el juez federal Jonathan Bass orden\u00f3 la suspensi\u00f3n de las corridas de toros en la Plaza M\u00e9xico, luego de que la asociaci\u00f3n civil Justicia Justa present\u00f3 un amparo para impugnar el Reglamento taurino y la Ley para la celebraci\u00f3n de espect\u00e1culos p\u00fablicos de la Ciudad de M\u00e9xico.<br><\/p>\n\n\n\n<p>Pero no fueron la \u00fanica asociaci\u00f3n involucrada, ya que a esas demandas se unieron varias asociaciones que luchan por los derechos de los animales y que realizan activismo de diferentes formas, para buscar que se suspendan de manera definitiva, las corridas de toros.<\/p>\n","protected":false},"excerpt":{"rendered":"<p>La Segunda Sala de la Suprema Corte de Justicia de la Naci\u00f3n quit\u00f3 el freno que hab\u00eda impuesto en mayo del 2022. La Segunda Sala de la Suprema Corte de Justicia de la Naci\u00f3n quit\u00f3 el freno a las corridas de toros en la Plaza M\u00e9xico. Por unanimidad, la sala decidi\u00f3 revocar la suspensi\u00f3n que [&hellip;]<\/p>\n","protected":false},"author":1,"featured_media":42897,"comment_status":"closed","ping_status":"closed","sticky":false,"template":"","format":"standard","meta":{"footnotes":""},"categories":[38,30],"tags":[],"class_list":["post-42896","post","type-post","status-publish","format-standard","has-post-thumbnail","hentry","category-deportes","category-destacado"],"_links":{"self":[{"href":"https:\/\/elinformante.mx\/index.php?rest_route=\/wp\/v2\/posts\/42896","targetHints":{"allow":["GET"]}}],"collection":[{"href":"https:\/\/elinformante.mx\/index.php?rest_route=\/wp\/v2\/posts"}],"about":[{"href":"https:\/\/elinformante.mx\/index.php?rest_route=\/wp\/v2\/types\/post"}],"author":[{"embeddable":true,"href":"https:\/\/elinformante.mx\/index.php?rest_route=\/wp\/v2\/users\/1"}],"replies":[{"embeddable":true,"href":"https:\/\/elinformante.mx\/index.php?rest_route=%2Fwp%2Fv2%2Fcomments&post=42896"}],"version-history":[{"count":0,"href":"https:\/\/elinformante.mx\/index.php?rest_route=\/wp\/v2\/posts\/42896\/revisions"}],"wp:featuredmedia":[{"embeddable":true,"href":"https:\/\/elinformante.mx\/index.php?rest_route=\/wp\/v2\/media\/42897"}],"wp:attachment":[{"href":"https:\/\/elinformante.mx\/index.php?rest_route=%2Fwp%2Fv2%2Fmedia&parent=42896"}],"wp:term":[{"taxonomy":"category","embeddable":true,"href":"https:\/\/elinformante.mx\/index.php?rest_route=%2Fwp%2Fv2%2Fcategories&post=42896"},{"taxonomy":"post_tag","embeddable":true,"href":"https:\/\/elinformante.mx\/index.php?rest_route=%2Fwp%2Fv2%2Ftags&post=42896"}],"curies":[{"name":"wp","href":"https:\/\/api.w.org\/{rel}","templated":true}]}}