{"id":42900,"date":"2023-12-07T04:28:18","date_gmt":"2023-12-07T10:28:18","guid":{"rendered":"https:\/\/elinformante.mx\/?p=42900"},"modified":"2023-12-07T04:28:19","modified_gmt":"2023-12-07T10:28:19","slug":"condenan-a-30-anos-de-prision-a-dos-individuos-acusados-del-delito-de-robo-a-transporte-publico-en-tlalnepantla","status":"publish","type":"post","link":"https:\/\/elinformante.mx\/?p=42900","title":{"rendered":"Condenan a 30 a\u00f1os de prisi\u00f3n a dos individuos acusados del delito de robo a transporte p\u00fablico en Tlalnepantla"},"content":{"rendered":"\n<blockquote class=\"wp-block-quote is-layout-flow wp-block-quote-is-layout-flow\">\n<p>Fueron detenidos por elementos de la Polic\u00eda Municipal de Tlalnepantla, luego de cometer el robo, en enero de este a\u00f1o.<\/p>\n<\/blockquote>\n\n\n\n<p>El\u00edas L\u00f3pez Mar\u00edn y Edgar Eduardo Hern\u00e1ndez Garc\u00eda, fueron sentenciados a 30 a\u00f1os 4 meses de prisi\u00f3n, una vez que la Fiscal\u00eda General de Justicia del Estado de M\u00e9xico (FGJEM) acredit\u00f3 su intervenci\u00f3n en el hecho delictivo de robo con violencia cometido en medios de transporte p\u00fablico.<br><\/p>\n\n\n\n<p>Ambos sujetos fueron detenidos el 29 de enero de este a\u00f1o, por elementos de la Secretar\u00eda de Seguridad estatal (SSEM), luego de que amagaron con un objeto punzocortante a los usuarios de una unidad de servicio p\u00fablico de la ruta 17, a quienes les hurtaron pertenencias y dinero.<br><\/p>\n\n\n\n<p>Pesquisas de la Fiscal\u00eda Edom\u00e9x precisaron que, ese d\u00eda, los ahora sentenciados se hicieron pasar por pasajeros y abordaron el autob\u00fas de servicio p\u00fablico referido, en la avenida Presidente, colonia San Jer\u00f3nimo Tepetlacalco, en el municipio de Tlalnepantla; metros adelante amenazaron a las v\u00edctimas para cometer este robo.<br><\/p>\n\n\n\n<p>Al momento en que pretend\u00edan huir, fueron detenidos por los elementos de la SSEM, quienes los presentaron ante el Agente del Ministerio P\u00fablico, autoridad que inici\u00f3 la indagatoria respectiva por este robo con violencia a transporte p\u00fablico.<br><\/p>\n\n\n\n<p>Posteriormente fueron ingresados al Centro Penitenciario y de Reinserci\u00f3n Social de Tlalnepantla, a disposici\u00f3n de la Autoridad Judicial, quien luego de revisar las pruebas recabadas, aportadas y expuestas por esta Representaci\u00f3n Social, les dict\u00f3 esta sentencia de condena a los acusados, adem\u00e1s les fij\u00f3 multas y sus derechos civiles y pol\u00edticos quedaron suspendidos.<\/p>\n","protected":false},"excerpt":{"rendered":"<p>Fueron detenidos por elementos de la Polic\u00eda Municipal de Tlalnepantla, luego de cometer el robo, en enero de este a\u00f1o. El\u00edas L\u00f3pez Mar\u00edn y Edgar Eduardo Hern\u00e1ndez Garc\u00eda, fueron sentenciados a 30 a\u00f1os 4 meses de prisi\u00f3n, una vez que la Fiscal\u00eda General de Justicia del Estado de M\u00e9xico (FGJEM) acredit\u00f3 su intervenci\u00f3n en el [&hellip;]<\/p>\n","protected":false},"author":1,"featured_media":42901,"comment_status":"closed","ping_status":"closed","sticky":false,"template":"","format":"standard","meta":{"footnotes":""},"categories":[36,37],"tags":[],"class_list":["post-42900","post","type-post","status-publish","format-standard","has-post-thumbnail","hentry","category-edomex","category-justicia"],"_links":{"self":[{"href":"https:\/\/elinformante.mx\/index.php?rest_route=\/wp\/v2\/posts\/42900","targetHints":{"allow":["GET"]}}],"collection":[{"href":"https:\/\/elinformante.mx\/index.php?rest_route=\/wp\/v2\/posts"}],"about":[{"href":"https:\/\/elinformante.mx\/index.php?rest_route=\/wp\/v2\/types\/post"}],"author":[{"embeddable":true,"href":"https:\/\/elinformante.mx\/index.php?rest_route=\/wp\/v2\/users\/1"}],"replies":[{"embeddable":true,"href":"https:\/\/elinformante.mx\/index.php?rest_route=%2Fwp%2Fv2%2Fcomments&post=42900"}],"version-history":[{"count":0,"href":"https:\/\/elinformante.mx\/index.php?rest_route=\/wp\/v2\/posts\/42900\/revisions"}],"wp:featuredmedia":[{"embeddable":true,"href":"https:\/\/elinformante.mx\/index.php?rest_route=\/wp\/v2\/media\/42901"}],"wp:attachment":[{"href":"https:\/\/elinformante.mx\/index.php?rest_route=%2Fwp%2Fv2%2Fmedia&parent=42900"}],"wp:term":[{"taxonomy":"category","embeddable":true,"href":"https:\/\/elinformante.mx\/index.php?rest_route=%2Fwp%2Fv2%2Fcategories&post=42900"},{"taxonomy":"post_tag","embeddable":true,"href":"https:\/\/elinformante.mx\/index.php?rest_route=%2Fwp%2Fv2%2Ftags&post=42900"}],"curies":[{"name":"wp","href":"https:\/\/api.w.org\/{rel}","templated":true}]}}