{"id":42907,"date":"2023-12-07T04:32:50","date_gmt":"2023-12-07T10:32:50","guid":{"rendered":"https:\/\/elinformante.mx\/?p=42907"},"modified":"2023-12-07T04:32:51","modified_gmt":"2023-12-07T10:32:51","slug":"rosalba-malvaez-de-jesus-se-suma-a-las-filas-del-verde","status":"publish","type":"post","link":"https:\/\/elinformante.mx\/?p=42907","title":{"rendered":"Rosalba Malvaez de Jes\u00fas se suma a las filas del Verde"},"content":{"rendered":"\n<blockquote class=\"wp-block-quote is-layout-flow wp-block-quote-is-layout-flow\">\n<p>La nueva adquisici\u00f3n del PVEM ha sido candidata en las dos elecciones pasadas con el PRD y con Acci\u00f3n Nacional.<\/p>\n<\/blockquote>\n\n\n\n<p>El dirigente del Partido Verde Ecologista en el Estado de M\u00e9xico, Jos\u00e9 Alberto Couttolenc Buentello, dio a conocer la integraci\u00f3n a las filas del tuc\u00e1n, de Rosalba Malvaez de Jes\u00fas, para integrarse en el municipio de Almoloya de Ju\u00e1rez.<br><\/p>\n\n\n\n<p>\u201cCada vez son m\u00e1s personalidades que se suman al Partido Verde, no podemos dejar pasar esta oportunidad de sumar a Rosalba Malvaez de Jes\u00fas, es abogada litigante, es representante legar de varias empresas, es docente, fue candidata en las dos elecciones pasadas en el 2018 con el PRD y en la elecci\u00f3n pasada fue candidata de Acci\u00f3n Nacional, viene a sumar a los trabajos de Adolfo Sol\u00eds en el municipio de Almoloya de Ju\u00e1rez, hoy en d\u00eda este municipio necesita estabilidad, necesita certeza, est\u00e1 viviendo cosas muy feas\u201d, detall\u00f3 Couttolenc Buentello.<br><\/p>\n\n\n\n<figure class=\"wp-block-image size-large\"><img fetchpriority=\"high\" decoding=\"async\" width=\"1024\" height=\"503\" src=\"https:\/\/elinformante.mx\/wp-content\/uploads\/2023\/12\/ROSALBA-MALVAEZ-1024x503.jpg\" alt=\"\" class=\"wp-image-42909\" srcset=\"https:\/\/elinformante.mx\/wp-content\/uploads\/2023\/12\/ROSALBA-MALVAEZ-1024x503.jpg 1024w, https:\/\/elinformante.mx\/wp-content\/uploads\/2023\/12\/ROSALBA-MALVAEZ-300x147.jpg 300w, https:\/\/elinformante.mx\/wp-content\/uploads\/2023\/12\/ROSALBA-MALVAEZ-768x377.jpg 768w, https:\/\/elinformante.mx\/wp-content\/uploads\/2023\/12\/ROSALBA-MALVAEZ-580x285.jpg 580w, https:\/\/elinformante.mx\/wp-content\/uploads\/2023\/12\/ROSALBA-MALVAEZ-860x422.jpg 860w, https:\/\/elinformante.mx\/wp-content\/uploads\/2023\/12\/ROSALBA-MALVAEZ.jpg 1140w\" sizes=\"(max-width: 1024px) 100vw, 1024px\" \/><\/figure>\n\n\n\n<p>Por su parte la nueva integrante del Partido Verde, se dijo contenta por esta incorporaci\u00f3n y sobre todo para sumar en el municipio de Almoloya de Ju\u00e1rez.<br><\/p>\n\n\n\n<p>\u201cGracias Pepe Couttolenc por la invitaci\u00f3n, gracias por voltear a ver personas que hemos participado en pol\u00edtica, el motivo que nos mueve a seguir tenemos la intenci\u00f3n de hacer algo por nuestro municipio, tambi\u00e9n nos sumamos a un buen proyecto, el cual encabeza Adolfo Sol\u00eds, porque ha hecho que el partido verde en Almoloya tenga representatividad, hay crecido y sumando se ver\u00e1n las cosas bien\u201d, detall\u00f3 Malvaez de Jes\u00fas.<br><\/p>\n\n\n\n<p>As\u00ed que se sigue reforzando el partido Verde en el Estado de M\u00e9xico, sumando hombres y mujeres, para encarar las elecciones de este 2024.<\/p>\n","protected":false},"excerpt":{"rendered":"<p>La nueva adquisici\u00f3n del PVEM ha sido candidata en las dos elecciones pasadas con el PRD y con Acci\u00f3n Nacional. El dirigente del Partido Verde Ecologista en el Estado de M\u00e9xico, Jos\u00e9 Alberto Couttolenc Buentello, dio a conocer la integraci\u00f3n a las filas del tuc\u00e1n, de Rosalba Malvaez de Jes\u00fas, para integrarse en el municipio [&hellip;]<\/p>\n","protected":false},"author":1,"featured_media":42908,"comment_status":"closed","ping_status":"closed","sticky":false,"template":"","format":"standard","meta":{"footnotes":""},"categories":[36],"tags":[],"class_list":["post-42907","post","type-post","status-publish","format-standard","has-post-thumbnail","hentry","category-edomex"],"_links":{"self":[{"href":"https:\/\/elinformante.mx\/index.php?rest_route=\/wp\/v2\/posts\/42907","targetHints":{"allow":["GET"]}}],"collection":[{"href":"https:\/\/elinformante.mx\/index.php?rest_route=\/wp\/v2\/posts"}],"about":[{"href":"https:\/\/elinformante.mx\/index.php?rest_route=\/wp\/v2\/types\/post"}],"author":[{"embeddable":true,"href":"https:\/\/elinformante.mx\/index.php?rest_route=\/wp\/v2\/users\/1"}],"replies":[{"embeddable":true,"href":"https:\/\/elinformante.mx\/index.php?rest_route=%2Fwp%2Fv2%2Fcomments&post=42907"}],"version-history":[{"count":0,"href":"https:\/\/elinformante.mx\/index.php?rest_route=\/wp\/v2\/posts\/42907\/revisions"}],"wp:featuredmedia":[{"embeddable":true,"href":"https:\/\/elinformante.mx\/index.php?rest_route=\/wp\/v2\/media\/42908"}],"wp:attachment":[{"href":"https:\/\/elinformante.mx\/index.php?rest_route=%2Fwp%2Fv2%2Fmedia&parent=42907"}],"wp:term":[{"taxonomy":"category","embeddable":true,"href":"https:\/\/elinformante.mx\/index.php?rest_route=%2Fwp%2Fv2%2Fcategories&post=42907"},{"taxonomy":"post_tag","embeddable":true,"href":"https:\/\/elinformante.mx\/index.php?rest_route=%2Fwp%2Fv2%2Ftags&post=42907"}],"curies":[{"name":"wp","href":"https:\/\/api.w.org\/{rel}","templated":true}]}}