{"id":42948,"date":"2023-12-07T05:04:37","date_gmt":"2023-12-07T11:04:37","guid":{"rendered":"https:\/\/elinformante.mx\/?p=42948"},"modified":"2023-12-07T05:04:38","modified_gmt":"2023-12-07T11:04:38","slug":"iecm-avala-registro-de-coalicion-entre-partidos","status":"publish","type":"post","link":"https:\/\/elinformante.mx\/?p=42948","title":{"rendered":"IECM avala registro de coalici\u00f3n entre partidos"},"content":{"rendered":"\n<blockquote class=\"wp-block-quote is-layout-flow wp-block-quote-is-layout-flow\">\n<p>Aprob\u00f3 tres proyectos de resoluci\u00f3n sobre la procedencia de registro y modificaciones a convenios de coaliciones de partidos pol\u00edticos.<\/p>\n<\/blockquote>\n\n\n\n<p>En el marco del Proceso Electoral Local Ordinario 2023-2024 el Consejo General del Instituto Electoral de la Ciudad de M\u00e9xico (IECM) aprob\u00f3 tres proyectos de resoluci\u00f3n sobre la procedencia de registro y modificaciones a convenios de coaliciones de partidos pol\u00edticos.<br><\/p>\n\n\n\n<p>Durante la sexta sesi\u00f3n extraordinaria del Consejo General, se present\u00f3 el proyecto de resoluci\u00f3n sobre la procedencia del registro del convenio de coalici\u00f3n Va por la CDMX, el cual fue suscrito por los partidos PAN, PRI y PRD.<br><\/p>\n\n\n\n<p>El convenio establece el deseo de las fuerzas pol\u00edticas por participar bajo la modalidad de coalici\u00f3n parcial en la elecci\u00f3n de diputaciones por el principio de mayor\u00eda relativa al Congreso de la Ciudad de M\u00e9xico y coalici\u00f3n total para la elecci\u00f3n de titulares de alcald\u00edas y concejal\u00edas.<br><\/p>\n\n\n\n<p>La consejera electoral, Sonia P\u00e9rez, detall\u00f3 que tal cual indican los lineamientos de postulaci\u00f3n, la Direcci\u00f3n Ejecutiva de Asociaciones Pol\u00edticas y fiscalizaci\u00f3n verific\u00f3 que el convenio fuera aprobado conforme al procedimiento, as\u00ed como a las disposiciones estatutarias vigentes de cada uno de los partidos.<br><\/p>\n\n\n\n<p>El segundo proyecto fue acerca de la procedencia del registro de la modificaci\u00f3n del convenio de coalici\u00f3n Va por la CDMX, suscrito por los partidos Acci\u00f3n Nacional, Revolucionario Institucional y de la Revoluci\u00f3n Democr\u00e1tica, para participar bajo esa modalidad en la elecci\u00f3n de Jefatura de Gobierno.<br><\/p>\n\n\n\n<p>La modificaci\u00f3n refiere a los montos de aportaciones que cada partido realizar\u00e1 para la campa\u00f1a correspondiente a la Jefatura de Gobierno, la cual pasa de 42 a 45.5 por ciento del total de las prerrogativas de campa\u00f1a.<br><\/p>\n\n\n\n<p>El \u00faltimo proyecto fue sobre la procedencia del registro de la modificaci\u00f3n del Convenio de coalici\u00f3n Juntos Hacemos Historia en la Ciudad de M\u00e9xico, suscrito por los partidos Morena, del Trabajo (PT) y Verde Ecologista de M\u00e9xico (PVEM), para participar bajo esa modalidad en la elecci\u00f3n de Jefatura de Gobierno.<\/p>\n","protected":false},"excerpt":{"rendered":"<p>Aprob\u00f3 tres proyectos de resoluci\u00f3n sobre la procedencia de registro y modificaciones a convenios de coaliciones de partidos pol\u00edticos. En el marco del Proceso Electoral Local Ordinario 2023-2024 el Consejo General del Instituto Electoral de la Ciudad de M\u00e9xico (IECM) aprob\u00f3 tres proyectos de resoluci\u00f3n sobre la procedencia de registro y modificaciones a convenios de [&hellip;]<\/p>\n","protected":false},"author":1,"featured_media":42949,"comment_status":"closed","ping_status":"closed","sticky":false,"template":"","format":"standard","meta":{"footnotes":""},"categories":[35],"tags":[],"class_list":["post-42948","post","type-post","status-publish","format-standard","has-post-thumbnail","hentry","category-cdmx"],"_links":{"self":[{"href":"https:\/\/elinformante.mx\/index.php?rest_route=\/wp\/v2\/posts\/42948","targetHints":{"allow":["GET"]}}],"collection":[{"href":"https:\/\/elinformante.mx\/index.php?rest_route=\/wp\/v2\/posts"}],"about":[{"href":"https:\/\/elinformante.mx\/index.php?rest_route=\/wp\/v2\/types\/post"}],"author":[{"embeddable":true,"href":"https:\/\/elinformante.mx\/index.php?rest_route=\/wp\/v2\/users\/1"}],"replies":[{"embeddable":true,"href":"https:\/\/elinformante.mx\/index.php?rest_route=%2Fwp%2Fv2%2Fcomments&post=42948"}],"version-history":[{"count":0,"href":"https:\/\/elinformante.mx\/index.php?rest_route=\/wp\/v2\/posts\/42948\/revisions"}],"wp:featuredmedia":[{"embeddable":true,"href":"https:\/\/elinformante.mx\/index.php?rest_route=\/wp\/v2\/media\/42949"}],"wp:attachment":[{"href":"https:\/\/elinformante.mx\/index.php?rest_route=%2Fwp%2Fv2%2Fmedia&parent=42948"}],"wp:term":[{"taxonomy":"category","embeddable":true,"href":"https:\/\/elinformante.mx\/index.php?rest_route=%2Fwp%2Fv2%2Fcategories&post=42948"},{"taxonomy":"post_tag","embeddable":true,"href":"https:\/\/elinformante.mx\/index.php?rest_route=%2Fwp%2Fv2%2Ftags&post=42948"}],"curies":[{"name":"wp","href":"https:\/\/api.w.org\/{rel}","templated":true}]}}