{"id":42958,"date":"2023-12-07T05:10:54","date_gmt":"2023-12-07T11:10:54","guid":{"rendered":"https:\/\/elinformante.mx\/?p=42958"},"modified":"2023-12-07T05:10:55","modified_gmt":"2023-12-07T11:10:55","slug":"evelyn-salgado-da-banderazo-de-arranque-al-operativo-acapulco-esta-de-pie-en-la-zona-diamante","status":"publish","type":"post","link":"https:\/\/elinformante.mx\/?p=42958","title":{"rendered":"Evelyn Salgado da banderazo de arranque al operativo \u201cAcapulco Est\u00e1 de Pie\u201d en la Zona Diamante"},"content":{"rendered":"\n<blockquote class=\"wp-block-quote is-layout-flow wp-block-quote-is-layout-flow\">\n<p>Ser\u00e1n 50 camiones de carga pesada y de recolecci\u00f3n, los que estar\u00e1n circulando por la ciudad para apoyar en las labores de limpieza a 42 d\u00edas del paso del meteoro.<\/p>\n<\/blockquote>\n\n\n\n<p>Durante la ma\u00f1ana de este mi\u00e9rcoles, la gobernadora Evelyn Salgado Pineda dio el banderazo de inicio al arranque de limpieza y recolecci\u00f3n de basura en la zona Diamante del puerto de Acapulco, con la finalidad de retirar la mayor\u00eda de desechos que han sido dejados por algunos ciudadanos tras el paso del Hurac\u00e1n Otis.<br><\/p>\n\n\n\n<p>Ser\u00e1n 50 camiones de carga pesada y de recolecci\u00f3n, los que estar\u00e1n circulando por la ciudad para apoyar en las labores de limpieza a 42 d\u00edas del paso del meteoro.<br><\/p>\n\n\n\n<p>En el arranque, la mandataria estatal asegur\u00f3 que se busca atender las zonas m\u00e1s conflictivas y dar soluci\u00f3n a las necesidades de los ciudadanos que a la fecha contin\u00faan sacando desechos de sus viviendas.<br><\/p>\n\n\n\n<figure class=\"wp-block-image size-large\"><img fetchpriority=\"high\" decoding=\"async\" width=\"1024\" height=\"503\" src=\"https:\/\/elinformante.mx\/wp-content\/uploads\/2023\/12\/EVELYN-SALGADO-2-1024x503.jpg\" alt=\"\" class=\"wp-image-42960\" srcset=\"https:\/\/elinformante.mx\/wp-content\/uploads\/2023\/12\/EVELYN-SALGADO-2-1024x503.jpg 1024w, https:\/\/elinformante.mx\/wp-content\/uploads\/2023\/12\/EVELYN-SALGADO-2-300x147.jpg 300w, https:\/\/elinformante.mx\/wp-content\/uploads\/2023\/12\/EVELYN-SALGADO-2-768x377.jpg 768w, https:\/\/elinformante.mx\/wp-content\/uploads\/2023\/12\/EVELYN-SALGADO-2-580x285.jpg 580w, https:\/\/elinformante.mx\/wp-content\/uploads\/2023\/12\/EVELYN-SALGADO-2-860x422.jpg 860w, https:\/\/elinformante.mx\/wp-content\/uploads\/2023\/12\/EVELYN-SALGADO-2.jpg 1140w\" sizes=\"(max-width: 1024px) 100vw, 1024px\" \/><\/figure>\n\n\n\n<p>Durante su intervenci\u00f3n en el arranque del operativo, habl\u00f3 sobre la octava reuni\u00f3n que sostendr\u00e1 este d\u00eda con el presidente Andr\u00e9s Manuel L\u00f3pez Obrador en la cual, dar\u00e1 parte del monto de recolecci\u00f3n de basura en donde hasta el momento se contabilizan m\u00e1s de 300 mil toneladas de basura.<br><\/p>\n\n\n\n<p>\u201cEste d\u00eda le daremos un corte a las actividades que realizamos en conjunto y en donde se han recolectado m\u00e1s de 300 mil toneladas de basura y vamos a seguir trabajando y vamos a seguir limpiando a Acapulco, pues las brigadas se mantienen en las calles que est\u00e1n ocupados en la limpieza fina\u201d, coment\u00f3.<br><\/p>\n\n\n\n<p>Durante la entrevista con medios de comuni\u00f3n, explic\u00f3 que en las \u00faltimas reuniones que ha sostenido con las autoridades federales le han reiterado el apoyo absoluto para el puerto de Acapulco.<br><\/p>\n\n\n\n<p>Coment\u00f3 que se sigue trabajando en conjunto con las autoridades municipales en las siete zonas que tiene asignadas el gobierno estatal y pidi\u00f3 a los ciudadanos el apoyo para que trasladen los desechos a los lugares asignados para mantener limpios los espacios de la ciudad.<\/p>\n","protected":false},"excerpt":{"rendered":"<p>Ser\u00e1n 50 camiones de carga pesada y de recolecci\u00f3n, los que estar\u00e1n circulando por la ciudad para apoyar en las labores de limpieza a 42 d\u00edas del paso del meteoro. Durante la ma\u00f1ana de este mi\u00e9rcoles, la gobernadora Evelyn Salgado Pineda dio el banderazo de inicio al arranque de limpieza y recolecci\u00f3n de basura en [&hellip;]<\/p>\n","protected":false},"author":1,"featured_media":42959,"comment_status":"closed","ping_status":"closed","sticky":false,"template":"","format":"standard","meta":{"footnotes":""},"categories":[34],"tags":[],"class_list":["post-42958","post","type-post","status-publish","format-standard","has-post-thumbnail","hentry","category-nacional"],"_links":{"self":[{"href":"https:\/\/elinformante.mx\/index.php?rest_route=\/wp\/v2\/posts\/42958","targetHints":{"allow":["GET"]}}],"collection":[{"href":"https:\/\/elinformante.mx\/index.php?rest_route=\/wp\/v2\/posts"}],"about":[{"href":"https:\/\/elinformante.mx\/index.php?rest_route=\/wp\/v2\/types\/post"}],"author":[{"embeddable":true,"href":"https:\/\/elinformante.mx\/index.php?rest_route=\/wp\/v2\/users\/1"}],"replies":[{"embeddable":true,"href":"https:\/\/elinformante.mx\/index.php?rest_route=%2Fwp%2Fv2%2Fcomments&post=42958"}],"version-history":[{"count":0,"href":"https:\/\/elinformante.mx\/index.php?rest_route=\/wp\/v2\/posts\/42958\/revisions"}],"wp:featuredmedia":[{"embeddable":true,"href":"https:\/\/elinformante.mx\/index.php?rest_route=\/wp\/v2\/media\/42959"}],"wp:attachment":[{"href":"https:\/\/elinformante.mx\/index.php?rest_route=%2Fwp%2Fv2%2Fmedia&parent=42958"}],"wp:term":[{"taxonomy":"category","embeddable":true,"href":"https:\/\/elinformante.mx\/index.php?rest_route=%2Fwp%2Fv2%2Fcategories&post=42958"},{"taxonomy":"post_tag","embeddable":true,"href":"https:\/\/elinformante.mx\/index.php?rest_route=%2Fwp%2Fv2%2Ftags&post=42958"}],"curies":[{"name":"wp","href":"https:\/\/api.w.org\/{rel}","templated":true}]}}