{"id":42978,"date":"2023-12-07T05:24:46","date_gmt":"2023-12-07T11:24:46","guid":{"rendered":"https:\/\/elinformante.mx\/?p=42978"},"modified":"2023-12-07T05:24:47","modified_gmt":"2023-12-07T11:24:47","slug":"vilchis-viveros-de-los-alcaldes-mejor-evaluados-del-edomex","status":"publish","type":"post","link":"https:\/\/elinformante.mx\/?p=42978","title":{"rendered":"Vilchis Viveros, de los alcaldes mejor evaluados\u00a0del\u00a0Edom\u00e9x"},"content":{"rendered":"\n<blockquote class=\"wp-block-quote is-layout-flow wp-block-quote-is-layout-flow\">\n<p>2023 ha sido un a\u00f1o de grandes obras en Zinacantepec, dio a conocer el presidente municipal al rendir su segundo informe de resultados.<\/p>\n<\/blockquote>\n\n\n\n<p>El presidente municipal de Zinacantepec, Manuel Vilchis Viveros, en dos a\u00f1os al frente del ayuntamiento ya hizo m\u00e1s que varios de sus antecesores; el trabajo se aprecia, sobre todo en materia de obra p\u00fablica, ya que se ha construido el mayor n\u00famero de calles en los \u00faltimos 15 a\u00f1os, destacando la rehabilitaci\u00f3n total del Circuito Vial Acahualco, que se considera una obra de alta envergadura pues impacta en la seguridad, la movilidad y lo econ\u00f3mico.<br><\/p>\n\n\n\n<p>Al rendir su Segundo Informe, Vilchis Viveros, afirm\u00f3 que en el municipio se ha optado por la transformaci\u00f3n enfocada en la democracia, la pluralidad, la transparencia y la buena gobernanza, privilegiando el di\u00e1logo con todos los sectores y todas las expresiones.<br><\/p>\n\n\n\n<p>El pueblo presente en la rendici\u00f3n de cuentas, vitoreo al presidente municipal y, con gritos de \u201creelecci\u00f3n\u201d, manifestaron su benepl\u00e1cito por contar con un pol\u00edtico que se ha ubicado como de los mejores evaluados en el Estado de M\u00e9xico.<br><\/p>\n\n\n\n<figure class=\"wp-block-image size-large\"><img fetchpriority=\"high\" decoding=\"async\" width=\"1024\" height=\"503\" src=\"https:\/\/elinformante.mx\/wp-content\/uploads\/2023\/12\/VILCHIS-VIVEROS-1024x503.jpg\" alt=\"\" class=\"wp-image-42980\" srcset=\"https:\/\/elinformante.mx\/wp-content\/uploads\/2023\/12\/VILCHIS-VIVEROS-1024x503.jpg 1024w, https:\/\/elinformante.mx\/wp-content\/uploads\/2023\/12\/VILCHIS-VIVEROS-300x147.jpg 300w, https:\/\/elinformante.mx\/wp-content\/uploads\/2023\/12\/VILCHIS-VIVEROS-768x377.jpg 768w, https:\/\/elinformante.mx\/wp-content\/uploads\/2023\/12\/VILCHIS-VIVEROS-580x285.jpg 580w, https:\/\/elinformante.mx\/wp-content\/uploads\/2023\/12\/VILCHIS-VIVEROS-860x422.jpg 860w, https:\/\/elinformante.mx\/wp-content\/uploads\/2023\/12\/VILCHIS-VIVEROS.jpg 1140w\" sizes=\"(max-width: 1024px) 100vw, 1024px\" \/><\/figure>\n\n\n\n<p>Vilchis Viveros ratific\u00f3 las prioridades de su gesti\u00f3n: fortalecimiento de la seguridad; reducci\u00f3n de la pobreza e impulsar el ejercicio de los derechos sociales; eliminar las barreras que por a\u00f1os han frenado el desarrollo econ\u00f3mico de Zinacantepec y a partir de ello impulsar el desarrollo social.<br><\/p>\n\n\n\n<p>En materia de obras tambi\u00e9n hay que destacar el cambio de imagen en la entrada principal a la Cabecera Municipal con la construcci\u00f3n de un Arco de Bienvenida acompa\u00f1ado de la rehabilitaci\u00f3n con concreto hidr\u00e1ulico de la Avenida 16 de Septiembre (la principal de Zinacantepec) en el tramo de Avenida Las Torres a la calle Ni\u00f1os H\u00e9roes en la que adem\u00e1s se remodel\u00f3 el camell\u00f3n y se coloc\u00f3 iluminaci\u00f3n.<br><\/p>\n\n\n\n<figure class=\"wp-block-image size-large\"><img decoding=\"async\" width=\"1024\" height=\"503\" src=\"https:\/\/elinformante.mx\/wp-content\/uploads\/2023\/12\/VILCHIS-VIVEROS-2-1024x503.jpg\" alt=\"\" class=\"wp-image-42981\" srcset=\"https:\/\/elinformante.mx\/wp-content\/uploads\/2023\/12\/VILCHIS-VIVEROS-2-1024x503.jpg 1024w, https:\/\/elinformante.mx\/wp-content\/uploads\/2023\/12\/VILCHIS-VIVEROS-2-300x147.jpg 300w, https:\/\/elinformante.mx\/wp-content\/uploads\/2023\/12\/VILCHIS-VIVEROS-2-768x377.jpg 768w, https:\/\/elinformante.mx\/wp-content\/uploads\/2023\/12\/VILCHIS-VIVEROS-2-580x285.jpg 580w, https:\/\/elinformante.mx\/wp-content\/uploads\/2023\/12\/VILCHIS-VIVEROS-2-860x422.jpg 860w, https:\/\/elinformante.mx\/wp-content\/uploads\/2023\/12\/VILCHIS-VIVEROS-2.jpg 1140w\" sizes=\"(max-width: 1024px) 100vw, 1024px\" \/><\/figure>\n\n\n\n<p>Hay que se\u00f1alar tambi\u00e9n la reconstrucci\u00f3n de avenidas primarias del municipio como la calle Morelos, la calle Adolfo L\u00f3pez Mateos, una primera etapa de la avenida Ignacio Manuel Altamirano y, cubriendo gran parte del municipio, se construyeron las calles de Cedros, Las Guindas, Iturbide y once vialidades m\u00e1s.<br><\/p>\n\n\n\n<p>Adem\u00e1s se revistieron caminos en comunidades como Santa Mar\u00eda del Monte y San Pedro Tejalpa, adem\u00e1s de la construcci\u00f3n de drenajes y la renovaci\u00f3n de cientos de metros de l\u00edneas de agua.<br><\/p>\n\n\n\n<figure class=\"wp-block-image size-large\"><img decoding=\"async\" width=\"1024\" height=\"503\" src=\"https:\/\/elinformante.mx\/wp-content\/uploads\/2023\/12\/VILCHIS-VIVEROS-3-1024x503.jpg\" alt=\"\" class=\"wp-image-42982\" srcset=\"https:\/\/elinformante.mx\/wp-content\/uploads\/2023\/12\/VILCHIS-VIVEROS-3-1024x503.jpg 1024w, https:\/\/elinformante.mx\/wp-content\/uploads\/2023\/12\/VILCHIS-VIVEROS-3-300x147.jpg 300w, https:\/\/elinformante.mx\/wp-content\/uploads\/2023\/12\/VILCHIS-VIVEROS-3-768x377.jpg 768w, https:\/\/elinformante.mx\/wp-content\/uploads\/2023\/12\/VILCHIS-VIVEROS-3-580x285.jpg 580w, https:\/\/elinformante.mx\/wp-content\/uploads\/2023\/12\/VILCHIS-VIVEROS-3-860x422.jpg 860w, https:\/\/elinformante.mx\/wp-content\/uploads\/2023\/12\/VILCHIS-VIVEROS-3.jpg 1140w\" sizes=\"(max-width: 1024px) 100vw, 1024px\" \/><\/figure>\n\n\n\n<p>La administraci\u00f3n de Manuel Vilchis Viveros ha entregado 118 obras de beneficio colectivo y se espera que para el 31 de diciembre de este a\u00f1o el n\u00famero llegue a 140. Para entender la magnitud de este trabajo hay que recordar que administraciones anteriores cuando mucho hac\u00edan 40 obras en tres a\u00f1os.<br><\/p>\n\n\n\n<p>Adem\u00e1s de las obras completas que ha entregado, Manuel Vilchis tambi\u00e9n ha fortalecido a la corporaci\u00f3n policiaca municipal, a la educaci\u00f3n, el deporte, a la juventud, a las mujeres y ha emprendido una pol\u00edtica social en favor de quienes m\u00e1s lo necesitan. Como ejemplo est\u00e1 la construcci\u00f3n de 40 cuartos dormitorio para igual n\u00famero de familias. Tambi\u00e9n el rescate y acondicionamiento de las instalaciones ubicadas en Bosques de ICA donde abri\u00f3 una Escuela Secundaria de nueva creaci\u00f3n.<br><\/p>\n\n\n\n<figure class=\"wp-block-image size-large\"><img loading=\"lazy\" decoding=\"async\" width=\"1024\" height=\"503\" src=\"https:\/\/elinformante.mx\/wp-content\/uploads\/2023\/12\/VILCHIS-VIVEROS-4-1024x503.jpg\" alt=\"\" class=\"wp-image-42983\" srcset=\"https:\/\/elinformante.mx\/wp-content\/uploads\/2023\/12\/VILCHIS-VIVEROS-4-1024x503.jpg 1024w, https:\/\/elinformante.mx\/wp-content\/uploads\/2023\/12\/VILCHIS-VIVEROS-4-300x147.jpg 300w, https:\/\/elinformante.mx\/wp-content\/uploads\/2023\/12\/VILCHIS-VIVEROS-4-768x377.jpg 768w, https:\/\/elinformante.mx\/wp-content\/uploads\/2023\/12\/VILCHIS-VIVEROS-4-580x285.jpg 580w, https:\/\/elinformante.mx\/wp-content\/uploads\/2023\/12\/VILCHIS-VIVEROS-4-860x422.jpg 860w, https:\/\/elinformante.mx\/wp-content\/uploads\/2023\/12\/VILCHIS-VIVEROS-4.jpg 1140w\" sizes=\"(max-width: 1024px) 100vw, 1024px\" \/><\/figure>\n\n\n\n<p>En materia de seguridad, entre otras acciones, este a\u00f1o se celebraron 80 reuniones con delegados, vecinos, comerciantes y transportistas creando m\u00e1s de 100 grupos de WhatsApp, lo que ha permitido atender con mayor eficacia y en menor tiempo los llamados de auxilio de la ciudadan\u00eda. A los efectivos de la Polic\u00eda Municipal se les equip\u00f3 con 37 chalecos, 32 c\u00e1maras de solapa y 162 kits de primer respondiente.<br><\/p>\n\n\n\n<p>En materia de finanzas se destaca que de cada 100 pesos que se recaudan en Zinacantepec, en promedio se destinan 14 pesos a la construcci\u00f3n y mantenimiento de infraestructura de la demarcaci\u00f3n, lo cual ha impactado positivamente varios \u00e1mbitos de la vida municipal.<br><\/p>\n\n\n\n<figure class=\"wp-block-image size-large\"><img loading=\"lazy\" decoding=\"async\" width=\"1024\" height=\"503\" src=\"https:\/\/elinformante.mx\/wp-content\/uploads\/2023\/12\/VILCHIS-VIVEROS-7-1024x503.jpg\" alt=\"\" class=\"wp-image-42984\" srcset=\"https:\/\/elinformante.mx\/wp-content\/uploads\/2023\/12\/VILCHIS-VIVEROS-7-1024x503.jpg 1024w, https:\/\/elinformante.mx\/wp-content\/uploads\/2023\/12\/VILCHIS-VIVEROS-7-300x147.jpg 300w, https:\/\/elinformante.mx\/wp-content\/uploads\/2023\/12\/VILCHIS-VIVEROS-7-768x377.jpg 768w, https:\/\/elinformante.mx\/wp-content\/uploads\/2023\/12\/VILCHIS-VIVEROS-7-580x285.jpg 580w, https:\/\/elinformante.mx\/wp-content\/uploads\/2023\/12\/VILCHIS-VIVEROS-7-860x422.jpg 860w, https:\/\/elinformante.mx\/wp-content\/uploads\/2023\/12\/VILCHIS-VIVEROS-7.jpg 1140w\" sizes=\"(max-width: 1024px) 100vw, 1024px\" \/><\/figure>\n\n\n\n<p>Con disciplina financiera, por primera vez en muchos a\u00f1os, una administraci\u00f3n de Zinacantepec recibe por segundo a\u00f1o consecutivo el Reconocimiento al Esfuerzo Hacendario Municipal \u201cJos\u00e9 Mar\u00eda Morelos y Pav\u00f3n\u201d que otorga la Secretaria de Finanzas del Gobierno Estatal a trav\u00e9s del Instituto Hacendario del Estado de M\u00e9xico.<br><\/p>\n\n\n\n<p>Ante la Oficial Mayor del Gobierno del Estado de M\u00e9xico, Trinidad Franco Arpero, representante personal de la gobernadora Delfina G\u00f3mez \u00c1lvarez, en su mensaje pol\u00edtico Manuel Vilchis viveros sostuvo que en los dos \u00faltimos a\u00f1os Zinacantepec est\u00e1 transform\u00e1ndose para bien y particularmente este a\u00f1o, que est\u00e1 por terminar, ser\u00e1 recordado como un a\u00f1o de grandes transformaciones, de grandes obras y un a\u00f1o en que Zinacantepec se atrevi\u00f3 a despegar.<br><\/p>\n\n\n\n<figure class=\"wp-block-image size-large\"><img loading=\"lazy\" decoding=\"async\" width=\"1024\" height=\"503\" src=\"https:\/\/elinformante.mx\/wp-content\/uploads\/2023\/12\/VILCHIS-VIVEROS-8-1024x503.jpg\" alt=\"\" class=\"wp-image-42985\" srcset=\"https:\/\/elinformante.mx\/wp-content\/uploads\/2023\/12\/VILCHIS-VIVEROS-8-1024x503.jpg 1024w, https:\/\/elinformante.mx\/wp-content\/uploads\/2023\/12\/VILCHIS-VIVEROS-8-300x147.jpg 300w, https:\/\/elinformante.mx\/wp-content\/uploads\/2023\/12\/VILCHIS-VIVEROS-8-768x377.jpg 768w, https:\/\/elinformante.mx\/wp-content\/uploads\/2023\/12\/VILCHIS-VIVEROS-8-580x285.jpg 580w, https:\/\/elinformante.mx\/wp-content\/uploads\/2023\/12\/VILCHIS-VIVEROS-8-860x422.jpg 860w, https:\/\/elinformante.mx\/wp-content\/uploads\/2023\/12\/VILCHIS-VIVEROS-8.jpg 1140w\" sizes=\"(max-width: 1024px) 100vw, 1024px\" \/><\/figure>\n\n\n\n<p>Tambi\u00e9n afirmo que en su proyecto todos caben para contribuir a la transformaci\u00f3n de Zinacantepec, m\u00e1s all\u00e1 de ideolog\u00edas, religiones o lugar de nacimiento. Lo importante es, dijo, Vilchis Viveros, tener en com\u00fan e ferviente deseo de servir al municipio y no servirse de \u00e9l.<br><\/p>\n\n\n\n<p>Para el 2024 Manuel Vilchis planea dar un impulso in\u00e9dito al desarrollo econ\u00f3mico del municipio, pues realizar\u00e1 gestiones para que se instale un parque industrial en Zinacantepec, pues en la demarcaci\u00f3n hay todo lo necesario para ello incluida la fuerza de trabajo.<\/p>\n\n\n\n<figure class=\"wp-block-image size-large\"><img loading=\"lazy\" decoding=\"async\" width=\"1024\" height=\"503\" src=\"https:\/\/elinformante.mx\/wp-content\/uploads\/2023\/12\/VILCHIS-VIVEROS-5-1024x503.jpg\" alt=\"\" class=\"wp-image-42986\" srcset=\"https:\/\/elinformante.mx\/wp-content\/uploads\/2023\/12\/VILCHIS-VIVEROS-5-1024x503.jpg 1024w, https:\/\/elinformante.mx\/wp-content\/uploads\/2023\/12\/VILCHIS-VIVEROS-5-300x147.jpg 300w, https:\/\/elinformante.mx\/wp-content\/uploads\/2023\/12\/VILCHIS-VIVEROS-5-768x377.jpg 768w, https:\/\/elinformante.mx\/wp-content\/uploads\/2023\/12\/VILCHIS-VIVEROS-5-580x285.jpg 580w, https:\/\/elinformante.mx\/wp-content\/uploads\/2023\/12\/VILCHIS-VIVEROS-5-860x422.jpg 860w, https:\/\/elinformante.mx\/wp-content\/uploads\/2023\/12\/VILCHIS-VIVEROS-5.jpg 1140w\" sizes=\"(max-width: 1024px) 100vw, 1024px\" \/><\/figure>\n","protected":false},"excerpt":{"rendered":"<p>2023 ha sido un a\u00f1o de grandes obras en Zinacantepec, dio a conocer el presidente municipal al rendir su segundo informe de resultados. El presidente municipal de Zinacantepec, Manuel Vilchis Viveros, en dos a\u00f1os al frente del ayuntamiento ya hizo m\u00e1s que varios de sus antecesores; el trabajo se aprecia, sobre todo en materia de [&hellip;]<\/p>\n","protected":false},"author":1,"featured_media":42979,"comment_status":"closed","ping_status":"closed","sticky":false,"template":"","format":"standard","meta":{"footnotes":""},"categories":[30,31],"tags":[],"class_list":["post-42978","post","type-post","status-publish","format-standard","has-post-thumbnail","hentry","category-destacado","category-portada"],"_links":{"self":[{"href":"https:\/\/elinformante.mx\/index.php?rest_route=\/wp\/v2\/posts\/42978","targetHints":{"allow":["GET"]}}],"collection":[{"href":"https:\/\/elinformante.mx\/index.php?rest_route=\/wp\/v2\/posts"}],"about":[{"href":"https:\/\/elinformante.mx\/index.php?rest_route=\/wp\/v2\/types\/post"}],"author":[{"embeddable":true,"href":"https:\/\/elinformante.mx\/index.php?rest_route=\/wp\/v2\/users\/1"}],"replies":[{"embeddable":true,"href":"https:\/\/elinformante.mx\/index.php?rest_route=%2Fwp%2Fv2%2Fcomments&post=42978"}],"version-history":[{"count":0,"href":"https:\/\/elinformante.mx\/index.php?rest_route=\/wp\/v2\/posts\/42978\/revisions"}],"wp:featuredmedia":[{"embeddable":true,"href":"https:\/\/elinformante.mx\/index.php?rest_route=\/wp\/v2\/media\/42979"}],"wp:attachment":[{"href":"https:\/\/elinformante.mx\/index.php?rest_route=%2Fwp%2Fv2%2Fmedia&parent=42978"}],"wp:term":[{"taxonomy":"category","embeddable":true,"href":"https:\/\/elinformante.mx\/index.php?rest_route=%2Fwp%2Fv2%2Fcategories&post=42978"},{"taxonomy":"post_tag","embeddable":true,"href":"https:\/\/elinformante.mx\/index.php?rest_route=%2Fwp%2Fv2%2Ftags&post=42978"}],"curies":[{"name":"wp","href":"https:\/\/api.w.org\/{rel}","templated":true}]}}