{"id":42991,"date":"2023-12-07T05:32:43","date_gmt":"2023-12-07T11:32:43","guid":{"rendered":"https:\/\/elinformante.mx\/?p=42991"},"modified":"2023-12-07T05:32:44","modified_gmt":"2023-12-07T11:32:44","slug":"mexicana-usara-tres-aviones-de-sedena-para-iniciar-operaciones","status":"publish","type":"post","link":"https:\/\/elinformante.mx\/?p=42991","title":{"rendered":"MEXICANA USAR\u00c1 TRES AVIONES DE SEDENA PARA INICIAR OPERACIONES"},"content":{"rendered":"\n<blockquote class=\"wp-block-quote is-layout-flow wp-block-quote-is-layout-flow\">\n<p>Los tres aviones pertenecen a la flota de la Sedena y son de la empresa Boeing, dos de ellos son modelo 737-800 y uno m\u00e1s es 7373-300.<\/p>\n<\/blockquote>\n\n\n\n<p>Enrique Vall\u00edn Osuna, director general de la Agencia Federal de Aviaci\u00f3n Civil (AFAC), revel\u00f3 que Mexicana de Aviaci\u00f3n enfrenta dificultades para tener los aviones necesarios por lo que utilizar\u00e1 tres aeronaves de la flota del Ej\u00e9rcito para comenzar sus operaciones el 26 de diciembre pr\u00f3ximo.<br><\/p>\n\n\n\n<figure class=\"wp-block-image size-large\"><img fetchpriority=\"high\" decoding=\"async\" width=\"1024\" height=\"503\" src=\"https:\/\/elinformante.mx\/wp-content\/uploads\/2023\/12\/mexicana-usara-1024x503.jpg\" alt=\"\" class=\"wp-image-42993\" srcset=\"https:\/\/elinformante.mx\/wp-content\/uploads\/2023\/12\/mexicana-usara-1024x503.jpg 1024w, https:\/\/elinformante.mx\/wp-content\/uploads\/2023\/12\/mexicana-usara-300x147.jpg 300w, https:\/\/elinformante.mx\/wp-content\/uploads\/2023\/12\/mexicana-usara-768x377.jpg 768w, https:\/\/elinformante.mx\/wp-content\/uploads\/2023\/12\/mexicana-usara-580x285.jpg 580w, https:\/\/elinformante.mx\/wp-content\/uploads\/2023\/12\/mexicana-usara-860x422.jpg 860w, https:\/\/elinformante.mx\/wp-content\/uploads\/2023\/12\/mexicana-usara.jpg 1140w\" sizes=\"(max-width: 1024px) 100vw, 1024px\" \/><\/figure>\n\n\n\n<p>De acuerdo con Vall\u00edn Osuna, tres aeronaves fueron enviadas a distintos talleres del pa\u00eds para su an\u00e1lisis por autoridades aeron\u00e1uticas que verificar\u00e1n que sean aptos para volar.<br><\/p>\n\n\n\n<p>Dichos aviones pertenecen a la flota de Sedena y son de la empresa Boeing, dos de ellos son modelo 737-800 y una m\u00e1s es 7373-300 con una antig\u00fcedad de m\u00e1s de 15 a\u00f1os.<br><\/p>\n\n\n\n<figure class=\"wp-block-image size-large\"><img decoding=\"async\" width=\"1024\" height=\"503\" src=\"https:\/\/elinformante.mx\/wp-content\/uploads\/2023\/12\/mexicana-usara-2-1024x503.jpg\" alt=\"\" class=\"wp-image-42994\" srcset=\"https:\/\/elinformante.mx\/wp-content\/uploads\/2023\/12\/mexicana-usara-2-1024x503.jpg 1024w, https:\/\/elinformante.mx\/wp-content\/uploads\/2023\/12\/mexicana-usara-2-300x147.jpg 300w, https:\/\/elinformante.mx\/wp-content\/uploads\/2023\/12\/mexicana-usara-2-768x377.jpg 768w, https:\/\/elinformante.mx\/wp-content\/uploads\/2023\/12\/mexicana-usara-2-580x285.jpg 580w, https:\/\/elinformante.mx\/wp-content\/uploads\/2023\/12\/mexicana-usara-2-860x422.jpg 860w, https:\/\/elinformante.mx\/wp-content\/uploads\/2023\/12\/mexicana-usara-2.jpg 1140w\" sizes=\"(max-width: 1024px) 100vw, 1024px\" \/><\/figure>\n\n\n\n<p>Esta situaci\u00f3n se suma a los distintos problemas que enfrenta Mexicana de Aviaci\u00f3n de cara a su inicio de operaciones, entre los que destacan la reducci\u00f3n de 20 a nueve el n\u00famero de destinos que operar\u00e1 en su arranque.<br><\/p>\n\n\n\n<p>Esto despu\u00e9s de que la aerol\u00ednea militar adelantara que volar\u00eda, en un inicio, solamente a Acapulco, Guadalajara, Huatulco, Monterrey, Mazatl\u00e1n, Oaxaca, Puerto Vallarta, Villahermosa e Ixtapa Zihuatanejo.<br><\/p>\n\n\n\n<figure class=\"wp-block-image size-large\"><img decoding=\"async\" width=\"1024\" height=\"503\" src=\"https:\/\/elinformante.mx\/wp-content\/uploads\/2023\/12\/mexicana-usara-4-1-1024x503.jpg\" alt=\"\" class=\"wp-image-42995\" srcset=\"https:\/\/elinformante.mx\/wp-content\/uploads\/2023\/12\/mexicana-usara-4-1-1024x503.jpg 1024w, https:\/\/elinformante.mx\/wp-content\/uploads\/2023\/12\/mexicana-usara-4-1-300x147.jpg 300w, https:\/\/elinformante.mx\/wp-content\/uploads\/2023\/12\/mexicana-usara-4-1-768x377.jpg 768w, https:\/\/elinformante.mx\/wp-content\/uploads\/2023\/12\/mexicana-usara-4-1-580x285.jpg 580w, https:\/\/elinformante.mx\/wp-content\/uploads\/2023\/12\/mexicana-usara-4-1-860x422.jpg 860w, https:\/\/elinformante.mx\/wp-content\/uploads\/2023\/12\/mexicana-usara-4-1.jpg 1140w\" sizes=\"(max-width: 1024px) 100vw, 1024px\" \/><\/figure>\n\n\n\n<p>En el caso de los pasajeros que reservaron boletos para Baj\u00edo, Ciudad Ju\u00e1rez, Campeche, Chetumal, Canc\u00fan, Cozumel, Hermosillo, La Paz, M\u00e9rida, San Jos\u00e9 del Cabo y Tijuana, ellos recibir\u00e1n un correo donde se les dar\u00eda una compensaci\u00f3n.<br><\/p>\n\n\n\n<p>La reducci\u00f3n de los destinos se dio debido a la falta de aviones en el mercado y dificultades en los procesos de obtenci\u00f3n de certificados de operador a\u00e9reo.<\/p>\n\n\n\n<figure class=\"wp-block-image size-large\"><img loading=\"lazy\" decoding=\"async\" width=\"1024\" height=\"503\" src=\"https:\/\/elinformante.mx\/wp-content\/uploads\/2023\/12\/mexicana-usara-3-1024x503.jpg\" alt=\"\" class=\"wp-image-42997\" srcset=\"https:\/\/elinformante.mx\/wp-content\/uploads\/2023\/12\/mexicana-usara-3-1024x503.jpg 1024w, https:\/\/elinformante.mx\/wp-content\/uploads\/2023\/12\/mexicana-usara-3-300x147.jpg 300w, https:\/\/elinformante.mx\/wp-content\/uploads\/2023\/12\/mexicana-usara-3-768x377.jpg 768w, https:\/\/elinformante.mx\/wp-content\/uploads\/2023\/12\/mexicana-usara-3-580x285.jpg 580w, https:\/\/elinformante.mx\/wp-content\/uploads\/2023\/12\/mexicana-usara-3-860x422.jpg 860w, https:\/\/elinformante.mx\/wp-content\/uploads\/2023\/12\/mexicana-usara-3.jpg 1140w\" sizes=\"(max-width: 1024px) 100vw, 1024px\" \/><\/figure>\n","protected":false},"excerpt":{"rendered":"<p>Los tres aviones pertenecen a la flota de la Sedena y son de la empresa Boeing, dos de ellos son modelo 737-800 y uno m\u00e1s es 7373-300. Enrique Vall\u00edn Osuna, director general de la Agencia Federal de Aviaci\u00f3n Civil (AFAC), revel\u00f3 que Mexicana de Aviaci\u00f3n enfrenta dificultades para tener los aviones necesarios por lo que [&hellip;]<\/p>\n","protected":false},"author":1,"featured_media":42992,"comment_status":"closed","ping_status":"closed","sticky":false,"template":"","format":"standard","meta":{"footnotes":""},"categories":[30,31],"tags":[],"class_list":["post-42991","post","type-post","status-publish","format-standard","has-post-thumbnail","hentry","category-destacado","category-portada"],"_links":{"self":[{"href":"https:\/\/elinformante.mx\/index.php?rest_route=\/wp\/v2\/posts\/42991","targetHints":{"allow":["GET"]}}],"collection":[{"href":"https:\/\/elinformante.mx\/index.php?rest_route=\/wp\/v2\/posts"}],"about":[{"href":"https:\/\/elinformante.mx\/index.php?rest_route=\/wp\/v2\/types\/post"}],"author":[{"embeddable":true,"href":"https:\/\/elinformante.mx\/index.php?rest_route=\/wp\/v2\/users\/1"}],"replies":[{"embeddable":true,"href":"https:\/\/elinformante.mx\/index.php?rest_route=%2Fwp%2Fv2%2Fcomments&post=42991"}],"version-history":[{"count":0,"href":"https:\/\/elinformante.mx\/index.php?rest_route=\/wp\/v2\/posts\/42991\/revisions"}],"wp:featuredmedia":[{"embeddable":true,"href":"https:\/\/elinformante.mx\/index.php?rest_route=\/wp\/v2\/media\/42992"}],"wp:attachment":[{"href":"https:\/\/elinformante.mx\/index.php?rest_route=%2Fwp%2Fv2%2Fmedia&parent=42991"}],"wp:term":[{"taxonomy":"category","embeddable":true,"href":"https:\/\/elinformante.mx\/index.php?rest_route=%2Fwp%2Fv2%2Fcategories&post=42991"},{"taxonomy":"post_tag","embeddable":true,"href":"https:\/\/elinformante.mx\/index.php?rest_route=%2Fwp%2Fv2%2Ftags&post=42991"}],"curies":[{"name":"wp","href":"https:\/\/api.w.org\/{rel}","templated":true}]}}