{"id":43145,"date":"2023-12-11T04:14:46","date_gmt":"2023-12-11T10:14:46","guid":{"rendered":"https:\/\/elinformante.mx\/?p=43145"},"modified":"2023-12-11T04:14:47","modified_gmt":"2023-12-11T10:14:47","slug":"conor-mcgregor-se-olvida-de-su-carrera-en-ufc-y-se-postula-para-presidente-de-irlanda","status":"publish","type":"post","link":"https:\/\/elinformante.mx\/?p=43145","title":{"rendered":"Conor McGregor se olvida de su carrera en UFC y se \u201cpostula\u201d para presidente de Irlanda"},"content":{"rendered":"\n<blockquote class=\"wp-block-quote is-layout-flow wp-block-quote-is-layout-flow\">\n<p>El peleador critic\u00f3 a los pol\u00edticos de su pa\u00eds y se plante\u00f3 como una mejor opci\u00f3n para su gente.<\/p>\n<\/blockquote>\n\n\n\n<p>Conor McGregor se ha caracterizado, adem\u00e1s de su carrera en la UFC, por ser un personaje pol\u00e9mico fuera de los cuadril\u00e1teros. Desde su lesi\u00f3n en 2021, The Notorious se ha dedicado a involucrarse en otros \u00e1mbitos; ahora, tal parece que quiere dedicarse a la pol\u00edtica.<br><\/p>\n\n\n\n<p>A trav\u00e9s de sus redes sociales, McGregor ha manifestado su molestia con el gobierno de Irlanda, su pa\u00eds de origen. Por lo tanto, dijo que le gustar\u00eda convertirse en el presidente de su naci\u00f3n.<br><\/p>\n\n\n\n<p>En primera instancia, se compar\u00f3 con sus posibles rivales y se autonombr\u00f3 como el mejor candidato. \u201cEstos partidos se gobiernan a s\u00ed mismos en contra de gobernar al pueblo\u201d, redact\u00f3 a trav\u00e9s de su cuenta de X, antes Twitter.<br><\/p>\n\n\n\n<p>Luego, compar\u00f3 su imagen con la edad de sus opositores, y dijo que \u00e9l se dedicar\u00eda a apoyar y a escuchar a todas las personas, pues no tiene afiliaciones a ning\u00fan partido pol\u00edtico<br><\/p>\n\n\n\n<p>\u201cO yo, [de] 35 a\u00f1os. Piel joven, activa, apasionada y fresca en el juego. Escucho. Yo apoyo. Me adapto. No tengo afiliaci\u00f3n\/sesgo\/favoritismo hacia ning\u00fan partido. Se les exigir\u00eda realmente responsabilidades respecto del actual sentimiento p\u00fablico.<br><\/p>\n\n\n\n<figure class=\"wp-block-image size-large\"><img fetchpriority=\"high\" decoding=\"async\" width=\"1024\" height=\"503\" src=\"https:\/\/elinformante.mx\/wp-content\/uploads\/2023\/12\/CONOR-MCGREGOR-1024x503.jpg\" alt=\"\" class=\"wp-image-43147\" srcset=\"https:\/\/elinformante.mx\/wp-content\/uploads\/2023\/12\/CONOR-MCGREGOR-1024x503.jpg 1024w, https:\/\/elinformante.mx\/wp-content\/uploads\/2023\/12\/CONOR-MCGREGOR-300x147.jpg 300w, https:\/\/elinformante.mx\/wp-content\/uploads\/2023\/12\/CONOR-MCGREGOR-768x377.jpg 768w, https:\/\/elinformante.mx\/wp-content\/uploads\/2023\/12\/CONOR-MCGREGOR-580x285.jpg 580w, https:\/\/elinformante.mx\/wp-content\/uploads\/2023\/12\/CONOR-MCGREGOR-860x422.jpg 860w, https:\/\/elinformante.mx\/wp-content\/uploads\/2023\/12\/CONOR-MCGREGOR.jpg 1140w\" sizes=\"(max-width: 1024px) 100vw, 1024px\" \/><\/figure>\n\n\n\n<p>\u201cIncluso lo pondr\u00eda todo a votaci\u00f3n. Habr\u00eda votaciones cada semana para asegurarlo. Puedo financiar. No ser\u00eda yo quien estuviera en el poder como Presidente, sino el pueblo de Irlanda. Ser\u00edamos t\u00fa y yo\u201d, escribi\u00f3.<br><\/p>\n\n\n\n<p>Un par de horas despu\u00e9s de que The Notorious hiciera p\u00fablico sus deseos de gobernar en Irlanda, Elon Musk, due\u00f1o de la red social X, le respondi\u00f3 con iron\u00eda.<br><\/p>\n\n\n\n<p>\u201cCreo que podr\u00edas encargarte de todos ellos sin ayuda de nadie. Ni siquiera es justo\u201d, redact\u00f3.<br><\/p>\n\n\n\n<p>Despu\u00e9s, McGregor le respondi\u00f3 con algunas reflexiones sobre su idea de pol\u00edtica, en la cual destaca escuchar a la gente y prometer \u201c\u00a1una verdadera democracia!\u201d.<br><\/p>\n\n\n\n<p>\u201cLa presidencia de Irlanda ocupa una posici\u00f3n \u00fanica frente a otros pa\u00edses, pero exigir\u00eda una respuesta a las preguntas. El dialecto ser\u00eda muy bueno para nosotros en el p\u00fablico. Nuestro pueblo se siente ignorado. Inaudito. Por supuesto, hasta el momento de las elecciones. Entonces comienza el gofre\u201d, finaliz\u00f3.<\/p>\n","protected":false},"excerpt":{"rendered":"<p>El peleador critic\u00f3 a los pol\u00edticos de su pa\u00eds y se plante\u00f3 como una mejor opci\u00f3n para su gente. Conor McGregor se ha caracterizado, adem\u00e1s de su carrera en la UFC, por ser un personaje pol\u00e9mico fuera de los cuadril\u00e1teros. Desde su lesi\u00f3n en 2021, The Notorious se ha dedicado a involucrarse en otros \u00e1mbitos; [&hellip;]<\/p>\n","protected":false},"author":1,"featured_media":43146,"comment_status":"closed","ping_status":"closed","sticky":false,"template":"","format":"standard","meta":{"footnotes":""},"categories":[38,30],"tags":[],"class_list":["post-43145","post","type-post","status-publish","format-standard","has-post-thumbnail","hentry","category-deportes","category-destacado"],"_links":{"self":[{"href":"https:\/\/elinformante.mx\/index.php?rest_route=\/wp\/v2\/posts\/43145","targetHints":{"allow":["GET"]}}],"collection":[{"href":"https:\/\/elinformante.mx\/index.php?rest_route=\/wp\/v2\/posts"}],"about":[{"href":"https:\/\/elinformante.mx\/index.php?rest_route=\/wp\/v2\/types\/post"}],"author":[{"embeddable":true,"href":"https:\/\/elinformante.mx\/index.php?rest_route=\/wp\/v2\/users\/1"}],"replies":[{"embeddable":true,"href":"https:\/\/elinformante.mx\/index.php?rest_route=%2Fwp%2Fv2%2Fcomments&post=43145"}],"version-history":[{"count":0,"href":"https:\/\/elinformante.mx\/index.php?rest_route=\/wp\/v2\/posts\/43145\/revisions"}],"wp:featuredmedia":[{"embeddable":true,"href":"https:\/\/elinformante.mx\/index.php?rest_route=\/wp\/v2\/media\/43146"}],"wp:attachment":[{"href":"https:\/\/elinformante.mx\/index.php?rest_route=%2Fwp%2Fv2%2Fmedia&parent=43145"}],"wp:term":[{"taxonomy":"category","embeddable":true,"href":"https:\/\/elinformante.mx\/index.php?rest_route=%2Fwp%2Fv2%2Fcategories&post=43145"},{"taxonomy":"post_tag","embeddable":true,"href":"https:\/\/elinformante.mx\/index.php?rest_route=%2Fwp%2Fv2%2Ftags&post=43145"}],"curies":[{"name":"wp","href":"https:\/\/api.w.org\/{rel}","templated":true}]}}