{"id":43152,"date":"2023-12-11T04:21:34","date_gmt":"2023-12-11T10:21:34","guid":{"rendered":"https:\/\/elinformante.mx\/?p=43152"},"modified":"2023-12-11T04:21:35","modified_gmt":"2023-12-11T10:21:35","slug":"falsos-los-mensajes-sobre-agresiones-al-sur-del-edomex-tras-enfrentamiento-en-texcaltitlan-ssem","status":"publish","type":"post","link":"https:\/\/elinformante.mx\/?p=43152","title":{"rendered":"Falsos los mensajes sobre agresiones al sur del Edom\u00e9x tras enfrentamiento en Texcaltitl\u00e1n: SSEM"},"content":{"rendered":"\n<blockquote class=\"wp-block-quote is-layout-flow wp-block-quote-is-layout-flow\">\n<p>Se hizo un llamado a la poblaci\u00f3n de no entrar en p\u00e1nico y no crear en dichos mensajes que se han hecho virales en redes sociales.<\/p>\n<\/blockquote>\n\n\n\n<p>El p\u00e1nico se ha apoderado de las y los vecinos de Texcaltitl\u00e1n tras el enfrentamiento entre campesinos cansados de las extorsiones y miembros de un grupo delictivo, esto debido a que en grupos de WhatsApp, as\u00ed como en redes sociales circularon varios mensajes donde alertan supuestas represalias contra los pobladores por el supuesto grupo criminal, tras ello, la Secretar\u00eda de Seguridad mexiquense (SSEM), inform\u00f3 este domingo que todos esos mensajes son falsos.<br><\/p>\n\n\n\n<p>Adem\u00e1s, indic\u00f3 que se recibi\u00f3 muchas alertas sobre posibles enfrentamientos en la zona sur del Edom\u00e9x, agresiones y patrullajes de miembros de la delincuencia, los cuales tambi\u00e9n han sido descartados; por lo que se hizo un llamado a la poblaci\u00f3n de no entrar en p\u00e1nico y no crear en dichos mensajes que se han hecho virales en redes sociales.<br><\/p>\n\n\n\n<p>\u201cHemos detectado y recibido muchas alertas sobre posibles enfrentamientos, agresiones y patrullajes de miembros de la delincuencia. Todos y cada uno de ellos se han atendido, corroborado f\u00edsicamente en campo y descartado\u201d, se lee en el comunicado emitido por las autoridades de seguridad.<br><\/p>\n\n\n\n<p>Tambi\u00e9n inform\u00f3 que la Unidad de la Polic\u00eda Cibern\u00e9tica ha detectado la difusi\u00f3n de publicaciones en redes sociales sobre la informaci\u00f3n falsa en la cual advierten el paso de convoyes del crimen organizado, presuntamente con la intenci\u00f3n de realizar ataques, lo cual se determin\u00f3 como informaci\u00f3n falsa.<br><\/p>\n\n\n\n<p>\u201cDerivado de los patrullajes virtuales llevados a cabo en la web, a fin de prevenir acciones delictivas en contra de la ciudadan\u00eda, la instituci\u00f3n a trav\u00e9s de la Polic\u00eda Cibern\u00e9tica ha detectado dicha difusi\u00f3n de informaci\u00f3n falsa, relacionada con la zona sur del estado, sobre presuntos enfrentamientos, se reitera que todos fueron atendidos y de manera f\u00edsica con el personal operativo se corrobor\u00f3 que no eran ver\u00eddicos\u201d, se lee en la masiva.<br><\/p>\n\n\n\n<p>Por lo anterior, la instituci\u00f3n exhorta a las y los mexiquenses a informarse a trav\u00e9s de las cuentas oficiales; ante cualquier duda o riesgo comunicarse al servicio de emergencia 911, 089 denuncia an\u00f3nima.<\/p>\n","protected":false},"excerpt":{"rendered":"<p>Se hizo un llamado a la poblaci\u00f3n de no entrar en p\u00e1nico y no crear en dichos mensajes que se han hecho virales en redes sociales. El p\u00e1nico se ha apoderado de las y los vecinos de Texcaltitl\u00e1n tras el enfrentamiento entre campesinos cansados de las extorsiones y miembros de un grupo delictivo, esto debido [&hellip;]<\/p>\n","protected":false},"author":1,"featured_media":43153,"comment_status":"closed","ping_status":"closed","sticky":false,"template":"","format":"standard","meta":{"footnotes":""},"categories":[30,36,37],"tags":[],"class_list":["post-43152","post","type-post","status-publish","format-standard","has-post-thumbnail","hentry","category-destacado","category-edomex","category-justicia"],"_links":{"self":[{"href":"https:\/\/elinformante.mx\/index.php?rest_route=\/wp\/v2\/posts\/43152","targetHints":{"allow":["GET"]}}],"collection":[{"href":"https:\/\/elinformante.mx\/index.php?rest_route=\/wp\/v2\/posts"}],"about":[{"href":"https:\/\/elinformante.mx\/index.php?rest_route=\/wp\/v2\/types\/post"}],"author":[{"embeddable":true,"href":"https:\/\/elinformante.mx\/index.php?rest_route=\/wp\/v2\/users\/1"}],"replies":[{"embeddable":true,"href":"https:\/\/elinformante.mx\/index.php?rest_route=%2Fwp%2Fv2%2Fcomments&post=43152"}],"version-history":[{"count":0,"href":"https:\/\/elinformante.mx\/index.php?rest_route=\/wp\/v2\/posts\/43152\/revisions"}],"wp:featuredmedia":[{"embeddable":true,"href":"https:\/\/elinformante.mx\/index.php?rest_route=\/wp\/v2\/media\/43153"}],"wp:attachment":[{"href":"https:\/\/elinformante.mx\/index.php?rest_route=%2Fwp%2Fv2%2Fmedia&parent=43152"}],"wp:term":[{"taxonomy":"category","embeddable":true,"href":"https:\/\/elinformante.mx\/index.php?rest_route=%2Fwp%2Fv2%2Fcategories&post=43152"},{"taxonomy":"post_tag","embeddable":true,"href":"https:\/\/elinformante.mx\/index.php?rest_route=%2Fwp%2Fv2%2Ftags&post=43152"}],"curies":[{"name":"wp","href":"https:\/\/api.w.org\/{rel}","templated":true}]}}