{"id":43155,"date":"2023-12-11T04:27:34","date_gmt":"2023-12-11T10:27:34","guid":{"rendered":"https:\/\/elinformante.mx\/?p=43155"},"modified":"2023-12-11T04:27:35","modified_gmt":"2023-12-11T10:27:35","slug":"insuficiente-forum-zina-se-desborda-la-plenaria-verde-acuden-mas-de-8-mil-ecologistas","status":"publish","type":"post","link":"https:\/\/elinformante.mx\/?p=43155","title":{"rendered":"Insuficiente Forum Zina, se desborda la Plenaria Verde; acuden m\u00e1s de 8 mil ecologistas"},"content":{"rendered":"\n<blockquote class=\"wp-block-quote is-layout-flow wp-block-quote-is-layout-flow\">\n<p>Necesitamos mayor movilidad en la entidad, viviendas para los estudiantes, m\u00e1s apoyo al campo, adem\u00e1s de transformar la basura en energ\u00eda: Couttolenc.<\/p>\n<\/blockquote>\n\n\n\n<p>Con un espacio que reuni\u00f3 a m\u00e1s de ocho mil personas en Zinacantepec fue como el Partido Verde Ecologista de M\u00e9xico (PVEM) en el Estado de M\u00e9xico continu\u00f3 con la construcci\u00f3n de su pr\u00f3xima plataforma pol\u00edtica electoral y del Pacto con los Gobiernos Verdes, destacando las necesidades urgentes de la entidad.<br><\/p>\n\n\n\n<p>\u201cEstamos haciendo estos Pactos Verdes para Gobernar para cumplir el compromiso, que se traducir\u00e1n en acciones de todos aquellos que aspiren a tener alg\u00fan puesto pol\u00edtico por el Partido Verde\u201d. Necesitamos mayor movilidad en la entidad, viviendas para los estudiantes, m\u00e1s apoyo al campo, adem\u00e1s de transformar la basura en energ\u00eda\u201d, destac\u00f3 su dirigente estatal, Jos\u00e9 Couttolenc Buentello en el evento en el que tambi\u00e9n fueron oradores Juli\u00e1n Huerta y Adolfo Sol\u00eds, delegados de Zinacantepec y Almoloya de Ju\u00e1rez, respectivamente, quienes manifestaron el respaldo total a las asambleas plenarias, que fortalecen las acciones y compromisos con la ciudadan\u00eda.<br><\/p>\n\n\n\n<figure class=\"wp-block-image size-large\"><img fetchpriority=\"high\" decoding=\"async\" width=\"1024\" height=\"503\" src=\"https:\/\/elinformante.mx\/wp-content\/uploads\/2023\/12\/INSUFICIENTE-3-1024x503.jpg\" alt=\"\" class=\"wp-image-43157\" srcset=\"https:\/\/elinformante.mx\/wp-content\/uploads\/2023\/12\/INSUFICIENTE-3-1024x503.jpg 1024w, https:\/\/elinformante.mx\/wp-content\/uploads\/2023\/12\/INSUFICIENTE-3-300x147.jpg 300w, https:\/\/elinformante.mx\/wp-content\/uploads\/2023\/12\/INSUFICIENTE-3-768x377.jpg 768w, https:\/\/elinformante.mx\/wp-content\/uploads\/2023\/12\/INSUFICIENTE-3-580x285.jpg 580w, https:\/\/elinformante.mx\/wp-content\/uploads\/2023\/12\/INSUFICIENTE-3-860x422.jpg 860w, https:\/\/elinformante.mx\/wp-content\/uploads\/2023\/12\/INSUFICIENTE-3.jpg 1140w\" sizes=\"(max-width: 1024px) 100vw, 1024px\" \/><\/figure>\n\n\n\n<p>Explic\u00f3 que, como parte del proceso en el que se visitan al menos tres municipios a la semana hasta llegar a los 125, ya se cumpli\u00f3 en Jilotzingo, Nezahualc\u00f3yotl, Villa Guerrero, Ozumba, entre otros, y adelant\u00f3 que sus pr\u00f3ximas visitas ser\u00e1n a Chalco y a Ecatepec, \u201ctoda la Familia Verde quiere ser escuchada y es lo que nosotros estamos realizando\u201d.<br><\/p>\n\n\n\n<p>Afirm\u00f3 que el partido se encuentra enfocado en construir dicha plataforma con la cual se escuchan las necesidades de los mexiquenses \u201cdesde abajo\u201d, \u201cquien pretenda ser candidato tiene que adoptar todos estos compromisos\u201d.<br><\/p>\n\n\n\n<figure class=\"wp-block-image size-large\"><img decoding=\"async\" width=\"1024\" height=\"503\" src=\"https:\/\/elinformante.mx\/wp-content\/uploads\/2023\/12\/INSUFICIENTE-1024x503.jpg\" alt=\"\" class=\"wp-image-43158\" srcset=\"https:\/\/elinformante.mx\/wp-content\/uploads\/2023\/12\/INSUFICIENTE-1024x503.jpg 1024w, https:\/\/elinformante.mx\/wp-content\/uploads\/2023\/12\/INSUFICIENTE-300x147.jpg 300w, https:\/\/elinformante.mx\/wp-content\/uploads\/2023\/12\/INSUFICIENTE-768x377.jpg 768w, https:\/\/elinformante.mx\/wp-content\/uploads\/2023\/12\/INSUFICIENTE-580x285.jpg 580w, https:\/\/elinformante.mx\/wp-content\/uploads\/2023\/12\/INSUFICIENTE-860x422.jpg 860w, https:\/\/elinformante.mx\/wp-content\/uploads\/2023\/12\/INSUFICIENTE.jpg 1140w\" sizes=\"(max-width: 1024px) 100vw, 1024px\" \/><\/figure>\n\n\n\n<p>En otros temas, Couttolenc Buentello lament\u00f3 lo ocurrido en Texcaltitl\u00e1n en d\u00edas pasados donde se registr\u00f3 un enfrentamiento entre criminales y civiles, asegurando que es un problema de d\u00e9cadas que dejaron las administraciones pri\u00edstas pasadas que se necesita remediar.<br><\/p>\n\n\n\n<p>Finalmente, dijo que, pese a que ya acudi\u00f3 al sur del estado en d\u00edas pasados, como partido realizar\u00e1n visitas continuas para mantenerse pendientes de esta demarcaci\u00f3n.<\/p>\n","protected":false},"excerpt":{"rendered":"<p>Necesitamos mayor movilidad en la entidad, viviendas para los estudiantes, m\u00e1s apoyo al campo, adem\u00e1s de transformar la basura en energ\u00eda: Couttolenc. Con un espacio que reuni\u00f3 a m\u00e1s de ocho mil personas en Zinacantepec fue como el Partido Verde Ecologista de M\u00e9xico (PVEM) en el Estado de M\u00e9xico continu\u00f3 con la construcci\u00f3n de su [&hellip;]<\/p>\n","protected":false},"author":1,"featured_media":43156,"comment_status":"closed","ping_status":"closed","sticky":false,"template":"","format":"standard","meta":{"footnotes":""},"categories":[36],"tags":[],"class_list":["post-43155","post","type-post","status-publish","format-standard","has-post-thumbnail","hentry","category-edomex"],"_links":{"self":[{"href":"https:\/\/elinformante.mx\/index.php?rest_route=\/wp\/v2\/posts\/43155","targetHints":{"allow":["GET"]}}],"collection":[{"href":"https:\/\/elinformante.mx\/index.php?rest_route=\/wp\/v2\/posts"}],"about":[{"href":"https:\/\/elinformante.mx\/index.php?rest_route=\/wp\/v2\/types\/post"}],"author":[{"embeddable":true,"href":"https:\/\/elinformante.mx\/index.php?rest_route=\/wp\/v2\/users\/1"}],"replies":[{"embeddable":true,"href":"https:\/\/elinformante.mx\/index.php?rest_route=%2Fwp%2Fv2%2Fcomments&post=43155"}],"version-history":[{"count":0,"href":"https:\/\/elinformante.mx\/index.php?rest_route=\/wp\/v2\/posts\/43155\/revisions"}],"wp:featuredmedia":[{"embeddable":true,"href":"https:\/\/elinformante.mx\/index.php?rest_route=\/wp\/v2\/media\/43156"}],"wp:attachment":[{"href":"https:\/\/elinformante.mx\/index.php?rest_route=%2Fwp%2Fv2%2Fmedia&parent=43155"}],"wp:term":[{"taxonomy":"category","embeddable":true,"href":"https:\/\/elinformante.mx\/index.php?rest_route=%2Fwp%2Fv2%2Fcategories&post=43155"},{"taxonomy":"post_tag","embeddable":true,"href":"https:\/\/elinformante.mx\/index.php?rest_route=%2Fwp%2Fv2%2Ftags&post=43155"}],"curies":[{"name":"wp","href":"https:\/\/api.w.org\/{rel}","templated":true}]}}