{"id":43167,"date":"2023-12-11T04:39:27","date_gmt":"2023-12-11T10:39:27","guid":{"rendered":"https:\/\/elinformante.mx\/?p=43167"},"modified":"2023-12-11T04:39:29","modified_gmt":"2023-12-11T10:39:29","slug":"alegria-unidad-y-esperanza-en-el-encendido-del-arbol-de-navidad-en-zinacantepec","status":"publish","type":"post","link":"https:\/\/elinformante.mx\/?p=43167","title":{"rendered":"Alegr\u00eda, unidad y esperanza en el encendido del \u00c1rbol de Navidad en Zinacantepec"},"content":{"rendered":"\n<blockquote class=\"wp-block-quote is-layout-flow wp-block-quote-is-layout-flow\">\n<p>Se anunci\u00f3 la ruta de la Caravana Navide\u00f1a<\/p>\n<\/blockquote>\n\n\n\n<p>En el marco del inicio de las festividades decembrinas, el presidente municipal de Zinacantepec, Manuel Vilchis Viveros, encabez\u00f3 el tradicional encendido del \u00e1rbol navide\u00f1o ubicado en el Jard\u00edn Constituci\u00f3n, donde dese\u00f3 a las y los asistentes disfrutar con armon\u00eda, alegr\u00eda y paz de las actividades programadas durante este mes.<br><\/p>\n\n\n\n<p>\u201cLas fiestas decembrinas son propicias para el encuentro con nuestros seres queridos, son una invitaci\u00f3n a la reflexi\u00f3n y a la puesta en marcha de acciones que mejoren nuestra calidad de vida\u201d, resalt\u00f3 el mun\u00edcipe.<br><\/p>\n\n\n\n<figure class=\"wp-block-image size-large\"><img fetchpriority=\"high\" decoding=\"async\" width=\"1024\" height=\"503\" src=\"https:\/\/elinformante.mx\/wp-content\/uploads\/2023\/12\/ALEGRIA-2-1024x503.jpg\" alt=\"\" class=\"wp-image-43169\" srcset=\"https:\/\/elinformante.mx\/wp-content\/uploads\/2023\/12\/ALEGRIA-2-1024x503.jpg 1024w, https:\/\/elinformante.mx\/wp-content\/uploads\/2023\/12\/ALEGRIA-2-300x147.jpg 300w, https:\/\/elinformante.mx\/wp-content\/uploads\/2023\/12\/ALEGRIA-2-768x377.jpg 768w, https:\/\/elinformante.mx\/wp-content\/uploads\/2023\/12\/ALEGRIA-2-580x285.jpg 580w, https:\/\/elinformante.mx\/wp-content\/uploads\/2023\/12\/ALEGRIA-2-860x422.jpg 860w, https:\/\/elinformante.mx\/wp-content\/uploads\/2023\/12\/ALEGRIA-2.jpg 1140w\" sizes=\"(max-width: 1024px) 100vw, 1024px\" \/><\/figure>\n\n\n\n<p>Previamente se llev\u00f3 a cabo un espect\u00e1culo m\u00e1gico musical titulado \u201cTatimundo\u201d, donde se cont\u00f3 con la participaci\u00f3n de la doble de Tatiana, Perla Rodr\u00edguez, quien hizo cantar y bailar a las ni\u00f1as y ni\u00f1os del municipio, generando un clima envolvente de alegr\u00eda y unidad.<br><\/p>\n\n\n\n<p>En el marco del evento las autoridades locales anunciaron la ruta que seguir\u00e1 la Caravana Navide\u00f1a la cual se efectuar\u00e1 del ocho al 15 de diciembre, iniciando este viernes en San Antonio Acahualco y colonia Morelos; continuar\u00e1 en las localidades de San Juan de las Huertas, Santa Mar\u00eda del Monte, San Crist\u00f3bal Tecolit, Ra\u00edces,<br><\/p>\n\n\n\n<figure class=\"wp-block-image size-large\"><img decoding=\"async\" width=\"1024\" height=\"503\" src=\"https:\/\/elinformante.mx\/wp-content\/uploads\/2023\/12\/ALEGRIA-3-1024x503.jpg\" alt=\"\" class=\"wp-image-43170\" srcset=\"https:\/\/elinformante.mx\/wp-content\/uploads\/2023\/12\/ALEGRIA-3-1024x503.jpg 1024w, https:\/\/elinformante.mx\/wp-content\/uploads\/2023\/12\/ALEGRIA-3-300x147.jpg 300w, https:\/\/elinformante.mx\/wp-content\/uploads\/2023\/12\/ALEGRIA-3-768x377.jpg 768w, https:\/\/elinformante.mx\/wp-content\/uploads\/2023\/12\/ALEGRIA-3-580x285.jpg 580w, https:\/\/elinformante.mx\/wp-content\/uploads\/2023\/12\/ALEGRIA-3-860x422.jpg 860w, https:\/\/elinformante.mx\/wp-content\/uploads\/2023\/12\/ALEGRIA-3.jpg 1140w\" sizes=\"(max-width: 1024px) 100vw, 1024px\" \/><\/figure>\n\n\n\n<p>San Luis Mextepec y cerrar\u00e1 en la cabecera municipal, en cada una de las comunidades habr\u00e1 un grupo musical sorpresa.<br><\/p>\n\n\n\n<p>Tras el encendido, y en compa\u00f1\u00eda de miles de personas, el alcalde, la presidenta Honor\u00edfica del Sistema Municipal para el Desarrollo Integral de la Familia DIF Zinacantepec y miembros del cabildo, disfrutaron de una noche de colorido, unidad, emociones y fiesta.<\/p>\n","protected":false},"excerpt":{"rendered":"<p>Se anunci\u00f3 la ruta de la Caravana Navide\u00f1a En el marco del inicio de las festividades decembrinas, el presidente municipal de Zinacantepec, Manuel Vilchis Viveros, encabez\u00f3 el tradicional encendido del \u00e1rbol navide\u00f1o ubicado en el Jard\u00edn Constituci\u00f3n, donde dese\u00f3 a las y los asistentes disfrutar con armon\u00eda, alegr\u00eda y paz de las actividades programadas durante [&hellip;]<\/p>\n","protected":false},"author":1,"featured_media":43168,"comment_status":"closed","ping_status":"closed","sticky":false,"template":"","format":"standard","meta":{"footnotes":""},"categories":[30,36],"tags":[],"class_list":["post-43167","post","type-post","status-publish","format-standard","has-post-thumbnail","hentry","category-destacado","category-edomex"],"_links":{"self":[{"href":"https:\/\/elinformante.mx\/index.php?rest_route=\/wp\/v2\/posts\/43167","targetHints":{"allow":["GET"]}}],"collection":[{"href":"https:\/\/elinformante.mx\/index.php?rest_route=\/wp\/v2\/posts"}],"about":[{"href":"https:\/\/elinformante.mx\/index.php?rest_route=\/wp\/v2\/types\/post"}],"author":[{"embeddable":true,"href":"https:\/\/elinformante.mx\/index.php?rest_route=\/wp\/v2\/users\/1"}],"replies":[{"embeddable":true,"href":"https:\/\/elinformante.mx\/index.php?rest_route=%2Fwp%2Fv2%2Fcomments&post=43167"}],"version-history":[{"count":0,"href":"https:\/\/elinformante.mx\/index.php?rest_route=\/wp\/v2\/posts\/43167\/revisions"}],"wp:featuredmedia":[{"embeddable":true,"href":"https:\/\/elinformante.mx\/index.php?rest_route=\/wp\/v2\/media\/43168"}],"wp:attachment":[{"href":"https:\/\/elinformante.mx\/index.php?rest_route=%2Fwp%2Fv2%2Fmedia&parent=43167"}],"wp:term":[{"taxonomy":"category","embeddable":true,"href":"https:\/\/elinformante.mx\/index.php?rest_route=%2Fwp%2Fv2%2Fcategories&post=43167"},{"taxonomy":"post_tag","embeddable":true,"href":"https:\/\/elinformante.mx\/index.php?rest_route=%2Fwp%2Fv2%2Ftags&post=43167"}],"curies":[{"name":"wp","href":"https:\/\/api.w.org\/{rel}","templated":true}]}}