{"id":43179,"date":"2023-12-11T04:50:01","date_gmt":"2023-12-11T10:50:01","guid":{"rendered":"https:\/\/elinformante.mx\/?p=43179"},"modified":"2023-12-11T04:50:02","modified_gmt":"2023-12-11T10:50:02","slug":"enrique-vargas-del-villar-confirma-alianza-en-al-menos-100-municipios-del-edomex","status":"publish","type":"post","link":"https:\/\/elinformante.mx\/?p=43179","title":{"rendered":"Enrique Vargas del Villar confirma alianza en al menos 100 municipios del Edom\u00e9x"},"content":{"rendered":"\n<blockquote class=\"wp-block-quote is-layout-flow wp-block-quote-is-layout-flow\">\n<p>El diputado expuso que, a la par de esto, habr\u00e1n de concurrir juntos en todos los distritos electorales federales y locales para la elecci\u00f3n del 2024.<\/p>\n<\/blockquote>\n\n\n\n<p>Para Enrique Vargas del Villar queda claro que la coalici\u00f3n electoral con el PRI y PRD se concretar\u00e1 en por lo menos 100 municipios.<br><\/p>\n\n\n\n<p>El coordinador del Grupo Parlamentario del PAN en el Congreso Local agreg\u00f3 que habr\u00e1n de concurrir juntos en todos los distritos electorales federales y locales para la elecci\u00f3n del 2024.<br><\/p>\n\n\n\n<p>Reiter\u00f3 que Naucalpan continuar\u00e1 en coalici\u00f3n mientras que en otros municipios la participaci\u00f3n ser\u00e1 individual, \u201cno porque no se quiera, sino porque se tienen condiciones diferentes\u201d.<br><\/p>\n\n\n\n<p>\u201cTenemos que ir platicando para ver quien encabeza la coalici\u00f3n y en que municipios, pero obviamente Acci\u00f3n Nacional lleva mano, porque el albiazul en el 2021 cedi\u00f3, pero es parte de lo que vamos a tener que trabajar en las mesas pol\u00edticas, y en las mesas de di\u00e1logo\u201d, dijo.<br><\/p>\n\n\n\n<p>Asimismo, se\u00f1al\u00f3 que el agua no se debe de tomar como un tema pol\u00edtico en las pr\u00f3ximas elecciones locales. \u201cOjal\u00e1 no sea as\u00ed, toda vez que estamos hablando de la vida y la necesidad de la gente, no le puede faltar el vital l\u00edquido, y espero que sea un tema t\u00e9cnico, yo lo veo as\u00ed\u201d, declar\u00f3.<br><\/p>\n\n\n\n<p>El diputado panista consider\u00f3 que el asunto de la falta de agua es un tema general pero realmente Conagua es la que tiene todo el mando sobre la distribuci\u00f3n y por eso es que se le hace un exhorto respetuosamente para poder contar con regularidad del vital l\u00edquido.<br><\/p>\n\n\n\n<p>Revel\u00f3 que cada semana habr\u00e1 una reducci\u00f3n del caudal y en mayo del a\u00f1o que entra ser\u00e1n m\u00e1s frecuentes los recortes en el suministro.<br><\/p>\n\n\n\n<p>Ante estos hechos, puntualiz\u00f3 que a\u00fan no se ha sentido tanto la falta del vital l\u00edquido, por lo que \u201csi debemos tener acciones r\u00e1pidas y concretas parta hacerle frente a la crisis h\u00eddrica\u201d.<\/p>\n","protected":false},"excerpt":{"rendered":"<p>El diputado expuso que, a la par de esto, habr\u00e1n de concurrir juntos en todos los distritos electorales federales y locales para la elecci\u00f3n del 2024. Para Enrique Vargas del Villar queda claro que la coalici\u00f3n electoral con el PRI y PRD se concretar\u00e1 en por lo menos 100 municipios. El coordinador del Grupo Parlamentario [&hellip;]<\/p>\n","protected":false},"author":1,"featured_media":43180,"comment_status":"closed","ping_status":"closed","sticky":false,"template":"","format":"standard","meta":{"footnotes":""},"categories":[36],"tags":[],"class_list":["post-43179","post","type-post","status-publish","format-standard","has-post-thumbnail","hentry","category-edomex"],"_links":{"self":[{"href":"https:\/\/elinformante.mx\/index.php?rest_route=\/wp\/v2\/posts\/43179","targetHints":{"allow":["GET"]}}],"collection":[{"href":"https:\/\/elinformante.mx\/index.php?rest_route=\/wp\/v2\/posts"}],"about":[{"href":"https:\/\/elinformante.mx\/index.php?rest_route=\/wp\/v2\/types\/post"}],"author":[{"embeddable":true,"href":"https:\/\/elinformante.mx\/index.php?rest_route=\/wp\/v2\/users\/1"}],"replies":[{"embeddable":true,"href":"https:\/\/elinformante.mx\/index.php?rest_route=%2Fwp%2Fv2%2Fcomments&post=43179"}],"version-history":[{"count":0,"href":"https:\/\/elinformante.mx\/index.php?rest_route=\/wp\/v2\/posts\/43179\/revisions"}],"wp:featuredmedia":[{"embeddable":true,"href":"https:\/\/elinformante.mx\/index.php?rest_route=\/wp\/v2\/media\/43180"}],"wp:attachment":[{"href":"https:\/\/elinformante.mx\/index.php?rest_route=%2Fwp%2Fv2%2Fmedia&parent=43179"}],"wp:term":[{"taxonomy":"category","embeddable":true,"href":"https:\/\/elinformante.mx\/index.php?rest_route=%2Fwp%2Fv2%2Fcategories&post=43179"},{"taxonomy":"post_tag","embeddable":true,"href":"https:\/\/elinformante.mx\/index.php?rest_route=%2Fwp%2Fv2%2Ftags&post=43179"}],"curies":[{"name":"wp","href":"https:\/\/api.w.org\/{rel}","templated":true}]}}