{"id":43182,"date":"2023-12-11T04:54:04","date_gmt":"2023-12-11T10:54:04","guid":{"rendered":"https:\/\/elinformante.mx\/?p=43182"},"modified":"2023-12-11T04:54:05","modified_gmt":"2023-12-11T10:54:05","slug":"gobernadora-delfina-gomez-hace-un-llamado-a-unirnos-por-la-paz","status":"publish","type":"post","link":"https:\/\/elinformante.mx\/?p=43182","title":{"rendered":"Gobernadora Delfina G\u00f3mez hace un llamado a \u201cunirnos por la paz\u201d"},"content":{"rendered":"\n<blockquote class=\"wp-block-quote is-layout-flow wp-block-quote-is-layout-flow\">\n<p>Tras el enfrentamiento en Texcaltitl\u00e1n que dej\u00f3 14 personas muertas, la mandataria mexiquense dijo que existe la determinaci\u00f3n de mejorar las condiciones de seguridad en el Estado de M\u00e9xico.<\/p>\n<\/blockquote>\n\n\n\n<p>Delfina G\u00f3mez, gobernadora del Estado de M\u00e9xico, se posicion\u00f3 este s\u00e1bado sobre los hechos de violencia ocurridos la tarde del viernes 8 de diciembre en el municipio de Texcaltitl\u00e1n, en los que se enfrentaron civiles e integrantes del grupo delictivo La Familia Michoacana.<br><\/p>\n\n\n\n<p>Del enfrentamiento resultaron al menos 14 muertos de los cuales 10 son criminales y cuatro pobladores.<br><\/p>\n\n\n\n<p>\u201cExpresarles mi m\u00e1s profundo pesar, cada vida que se pierde es un golpe en el coraz\u00f3n de nuestra comunidad, una herida en el tejido social de nuestra sociedad\u201d, dijo G\u00f3mez durante una conferencia de prensa.<br><\/p>\n\n\n\n<p>Agreg\u00f3 que \u201ccomo gobernadora, lamento profundamente estos acontecimientos, reitero mi compromiso absoluto y hago un llamado a unirnos por la paz\u201c.<br><\/p>\n\n\n\n<figure class=\"wp-block-image size-large\"><img fetchpriority=\"high\" decoding=\"async\" width=\"1024\" height=\"503\" src=\"https:\/\/elinformante.mx\/wp-content\/uploads\/2023\/12\/GOBERNADORA-1024x503.jpg\" alt=\"\" class=\"wp-image-43184\" srcset=\"https:\/\/elinformante.mx\/wp-content\/uploads\/2023\/12\/GOBERNADORA-1024x503.jpg 1024w, https:\/\/elinformante.mx\/wp-content\/uploads\/2023\/12\/GOBERNADORA-300x147.jpg 300w, https:\/\/elinformante.mx\/wp-content\/uploads\/2023\/12\/GOBERNADORA-768x377.jpg 768w, https:\/\/elinformante.mx\/wp-content\/uploads\/2023\/12\/GOBERNADORA-580x285.jpg 580w, https:\/\/elinformante.mx\/wp-content\/uploads\/2023\/12\/GOBERNADORA-860x422.jpg 860w, https:\/\/elinformante.mx\/wp-content\/uploads\/2023\/12\/GOBERNADORA.jpg 1140w\" sizes=\"(max-width: 1024px) 100vw, 1024px\" \/><\/figure>\n\n\n\n<p>La gobernadora estuvo acompa\u00f1ada por el Fiscal general Jos\u00e9 Luis Cervantes Mart\u00ednez, el Secretario de Seguridad, Andr\u00e9s Andrade T\u00e9llez, adem\u00e1s de representantes de la Guardia Nacional, La Marina, la SEDENA.<br><\/p>\n\n\n\n<p>\u201cEstos hechos no nos paralizan, al contrario, reafirman nuestra determinaci\u00f3n de mejorar las condiciones de seguridad en nuestro amado estado, tenga la plena seguridad de que seguiremos trabajando para que hechos como este no se repitan\u201c, afirm\u00f3 la mandataria estatal<br><\/p>\n\n\n\n<p>\u201cNo est\u00e1n solos, estamos con ustedes\u201d, agreg\u00f3.<br><\/p>\n\n\n\n<p>Afirm\u00f3 que desde el primer momento del enfrentamiento, mantuvieron comunicaci\u00f3n y coordinaci\u00f3n, se realiz\u00f3 un amplio despliegue con la polic\u00eda estatal, la Sedena, la Marina, la Guardia Nacional, la FGJEM, para garantizar la paz y mantener el orden.<br><\/p>\n\n\n\n<p>Agreg\u00f3 que ha solicitado a la Fiscal\u00eda brindar la informaci\u00f3n del avance las investigaciones seg\u00fan se vayan dando y la estrecha. Adem\u00e1s dijo que pidi\u00f3 la presencia permanente de las fuerzas federales en la regi\u00f3n para cuidar y proteger a los pobladores.<\/p>\n","protected":false},"excerpt":{"rendered":"<p>Tras el enfrentamiento en Texcaltitl\u00e1n que dej\u00f3 14 personas muertas, la mandataria mexiquense dijo que existe la determinaci\u00f3n de mejorar las condiciones de seguridad en el Estado de M\u00e9xico. Delfina G\u00f3mez, gobernadora del Estado de M\u00e9xico, se posicion\u00f3 este s\u00e1bado sobre los hechos de violencia ocurridos la tarde del viernes 8 de diciembre en el [&hellip;]<\/p>\n","protected":false},"author":1,"featured_media":43183,"comment_status":"closed","ping_status":"closed","sticky":false,"template":"","format":"standard","meta":{"footnotes":""},"categories":[30,36],"tags":[],"class_list":["post-43182","post","type-post","status-publish","format-standard","has-post-thumbnail","hentry","category-destacado","category-edomex"],"_links":{"self":[{"href":"https:\/\/elinformante.mx\/index.php?rest_route=\/wp\/v2\/posts\/43182","targetHints":{"allow":["GET"]}}],"collection":[{"href":"https:\/\/elinformante.mx\/index.php?rest_route=\/wp\/v2\/posts"}],"about":[{"href":"https:\/\/elinformante.mx\/index.php?rest_route=\/wp\/v2\/types\/post"}],"author":[{"embeddable":true,"href":"https:\/\/elinformante.mx\/index.php?rest_route=\/wp\/v2\/users\/1"}],"replies":[{"embeddable":true,"href":"https:\/\/elinformante.mx\/index.php?rest_route=%2Fwp%2Fv2%2Fcomments&post=43182"}],"version-history":[{"count":0,"href":"https:\/\/elinformante.mx\/index.php?rest_route=\/wp\/v2\/posts\/43182\/revisions"}],"wp:featuredmedia":[{"embeddable":true,"href":"https:\/\/elinformante.mx\/index.php?rest_route=\/wp\/v2\/media\/43183"}],"wp:attachment":[{"href":"https:\/\/elinformante.mx\/index.php?rest_route=%2Fwp%2Fv2%2Fmedia&parent=43182"}],"wp:term":[{"taxonomy":"category","embeddable":true,"href":"https:\/\/elinformante.mx\/index.php?rest_route=%2Fwp%2Fv2%2Fcategories&post=43182"},{"taxonomy":"post_tag","embeddable":true,"href":"https:\/\/elinformante.mx\/index.php?rest_route=%2Fwp%2Fv2%2Ftags&post=43182"}],"curies":[{"name":"wp","href":"https:\/\/api.w.org\/{rel}","templated":true}]}}