{"id":43186,"date":"2023-12-11T04:58:14","date_gmt":"2023-12-11T10:58:14","guid":{"rendered":"https:\/\/elinformante.mx\/?p=43186"},"modified":"2023-12-11T04:58:15","modified_gmt":"2023-12-11T10:58:15","slug":"casi-7-mil-capitalinos-viven-en-situacion-de-calle-en-la-cdmx","status":"publish","type":"post","link":"https:\/\/elinformante.mx\/?p=43186","title":{"rendered":"Casi 7 mil capitalinos, viven en situaci\u00f3n de calle en la CDMX"},"content":{"rendered":"\n<blockquote class=\"wp-block-quote is-layout-flow wp-block-quote-is-layout-flow\">\n<p>Jes\u00fas Sesma, dirigente del PVEM, pide educaci\u00f3n y pol\u00edticas p\u00fablicas de atenci\u00f3n preferente, prioritaria y especializada para las personas sin hogar.<\/p>\n<\/blockquote>\n\n\n\n<p>El diputado del Partido Verde en el Congreso de la Ciudad de M\u00e9xico, Jes\u00fas Sesma, pidi\u00f3 a las autoridades reforzar las acciones de atenci\u00f3n y protecci\u00f3n para las personas en situaci\u00f3n de calle.<br><\/p>\n\n\n\n<p>\u201cEs necesario incluir pol\u00edticas p\u00fablicas encaminadas a que reciban educaci\u00f3n, con el objetivo de que dicha poblaci\u00f3n cuente con esa valiosa herramienta para mejorar su calidad de vida\u201d, destac\u00f3 el pol\u00edtico<br><\/p>\n\n\n\n<p>El ecologista record\u00f3 que este a\u00f1o se reconoci\u00f3 el trabajo de las autoridades locales en dicho sector de la poblaci\u00f3n:<br><\/p>\n\n\n\n<p>\u201cEn el caso de la Ciudad de M\u00e9xico, es verdad que el gobierno realiza varios esfuerzos para ayudar a este grupo social, con comedores comunitarios, centros de asistencia, albergues, asesor\u00eda jur\u00eddica y algunos servicios de salud\u201d<br><\/p>\n\n\n\n<p>Sin embargo, resalt\u00f3, \u201ca\u00fan falta mucho por hacer para lograr su protecci\u00f3n y su incorporaci\u00f3n a una vida productiva\u201d.<br><\/p>\n\n\n\n<figure class=\"wp-block-image size-large\"><img fetchpriority=\"high\" decoding=\"async\" width=\"1024\" height=\"503\" src=\"https:\/\/elinformante.mx\/wp-content\/uploads\/2023\/12\/CASI-7-2-1024x503.jpg\" alt=\"\" class=\"wp-image-43188\" srcset=\"https:\/\/elinformante.mx\/wp-content\/uploads\/2023\/12\/CASI-7-2-1024x503.jpg 1024w, https:\/\/elinformante.mx\/wp-content\/uploads\/2023\/12\/CASI-7-2-300x147.jpg 300w, https:\/\/elinformante.mx\/wp-content\/uploads\/2023\/12\/CASI-7-2-768x377.jpg 768w, https:\/\/elinformante.mx\/wp-content\/uploads\/2023\/12\/CASI-7-2-580x285.jpg 580w, https:\/\/elinformante.mx\/wp-content\/uploads\/2023\/12\/CASI-7-2-860x422.jpg 860w, https:\/\/elinformante.mx\/wp-content\/uploads\/2023\/12\/CASI-7-2.jpg 1140w\" sizes=\"(max-width: 1024px) 100vw, 1024px\" \/><\/figure>\n\n\n\n<p>Sesma Su\u00e1rez, abord\u00f3 el factor educaci\u00f3n, y record\u00f3 que en meses pasados present\u00f3 una iniciativa para establecerlo en la Ley Constitucional de Derechos Humanos y sus Garant\u00edas de la Ciudad de M\u00e9xico.<br><\/p>\n\n\n\n<p>Con ello, consider\u00f3, \u201cel Gobierno proporcionar\u00e1 educaci\u00f3n gratuita, digna y de calidad para las personas en situaci\u00f3n de calle\u201d.<br><\/p>\n\n\n\n<p>Destac\u00f3 que, adem\u00e1s, se busca garantizar la generaci\u00f3n de pol\u00edticas p\u00fablicas de atenci\u00f3n preferente, prioritaria y especializada que les permita superar dicha condici\u00f3n y alcanzar un estado de bienestar.<br><\/p>\n\n\n\n<p>Sesma Su\u00e1rez record\u00f3 que \u201chay estimaciones de casi 7 mil personas que viven en situaci\u00f3n de calle en la urbe\u201d.<br><\/p>\n\n\n\n<p>Indic\u00f3 que las personas en situaci\u00f3n de calle, son una poblaci\u00f3n diversa, que tiene ni\u00f1as, ni\u00f1os, j\u00f3venes, mujeres, hombres, personas mayores, con discapacidad e incluso familias completas con problemas de salud y adicciones, por lo que constantemente ven vulnerados sus derechos.<br><\/p>\n\n\n\n<p>Finalmente, Jes\u00fas Sesma indic\u00f3 que la educaci\u00f3n es fundamental para la transformaci\u00f3n positiva de los individuos y el factor m\u00e1s importante para generar cambios sociales.<\/p>\n","protected":false},"excerpt":{"rendered":"<p>Jes\u00fas Sesma, dirigente del PVEM, pide educaci\u00f3n y pol\u00edticas p\u00fablicas de atenci\u00f3n preferente, prioritaria y especializada para las personas sin hogar. El diputado del Partido Verde en el Congreso de la Ciudad de M\u00e9xico, Jes\u00fas Sesma, pidi\u00f3 a las autoridades reforzar las acciones de atenci\u00f3n y protecci\u00f3n para las personas en situaci\u00f3n de calle. \u201cEs [&hellip;]<\/p>\n","protected":false},"author":1,"featured_media":43187,"comment_status":"closed","ping_status":"closed","sticky":false,"template":"","format":"standard","meta":{"footnotes":""},"categories":[35],"tags":[],"class_list":["post-43186","post","type-post","status-publish","format-standard","has-post-thumbnail","hentry","category-cdmx"],"_links":{"self":[{"href":"https:\/\/elinformante.mx\/index.php?rest_route=\/wp\/v2\/posts\/43186","targetHints":{"allow":["GET"]}}],"collection":[{"href":"https:\/\/elinformante.mx\/index.php?rest_route=\/wp\/v2\/posts"}],"about":[{"href":"https:\/\/elinformante.mx\/index.php?rest_route=\/wp\/v2\/types\/post"}],"author":[{"embeddable":true,"href":"https:\/\/elinformante.mx\/index.php?rest_route=\/wp\/v2\/users\/1"}],"replies":[{"embeddable":true,"href":"https:\/\/elinformante.mx\/index.php?rest_route=%2Fwp%2Fv2%2Fcomments&post=43186"}],"version-history":[{"count":0,"href":"https:\/\/elinformante.mx\/index.php?rest_route=\/wp\/v2\/posts\/43186\/revisions"}],"wp:featuredmedia":[{"embeddable":true,"href":"https:\/\/elinformante.mx\/index.php?rest_route=\/wp\/v2\/media\/43187"}],"wp:attachment":[{"href":"https:\/\/elinformante.mx\/index.php?rest_route=%2Fwp%2Fv2%2Fmedia&parent=43186"}],"wp:term":[{"taxonomy":"category","embeddable":true,"href":"https:\/\/elinformante.mx\/index.php?rest_route=%2Fwp%2Fv2%2Fcategories&post=43186"},{"taxonomy":"post_tag","embeddable":true,"href":"https:\/\/elinformante.mx\/index.php?rest_route=%2Fwp%2Fv2%2Ftags&post=43186"}],"curies":[{"name":"wp","href":"https:\/\/api.w.org\/{rel}","templated":true}]}}