{"id":43190,"date":"2023-12-11T04:59:35","date_gmt":"2023-12-11T10:59:35","guid":{"rendered":"https:\/\/elinformante.mx\/?p=43190"},"modified":"2023-12-11T04:59:36","modified_gmt":"2023-12-11T10:59:36","slug":"lia-limon-inaugura-pista-de-hielo-y-un-tobogan-en-alvaro-obregon","status":"publish","type":"post","link":"https:\/\/elinformante.mx\/?p=43190","title":{"rendered":"L\u00eda Lim\u00f3n inaugura pista de hielo y un tobog\u00e1n en \u00c1lvaro Obreg\u00f3n"},"content":{"rendered":"\n<blockquote class=\"wp-block-quote is-layout-flow wp-block-quote-is-layout-flow\">\n<p>Estas atracciones, explic\u00f3, estar\u00e1n abiertas de martes a domingo de 2 de la tarde a 8:30 de la noche.<\/p>\n<\/blockquote>\n\n\n\n<p>Con un sentido agradecimiento por la confianza y el cari\u00f1o que le han demostrado, el cual es rec\u00edproco, la alcaldesa L\u00eda Lim\u00f3n dese\u00f3 a las vecinas y vecinos de la alcald\u00eda una muy feliz navidad y un 2024 lleno de \u00e9xitos.<br><\/p>\n\n\n\n<p>Lo anterior, durante la inauguraci\u00f3n de la pista de hielo, con un espect\u00e1culo de Holiday on Ice, y un tobog\u00e1n, ubicados en la explanada del Sal\u00f3n de Usos M\u00faltiples y que permanecer\u00e1n funcionando, de manera gratuita, hasta el pr\u00f3ximo 6 de enero.<br><\/p>\n\n\n\n<p>Estas atracciones, explic\u00f3, estar\u00e1n abiertas de martes a domingo de 2 de la tarde a 8:30 de la noche, adem\u00e1s de que se prestar\u00e1n los patines y contar\u00e1 con instructores y personal de protecci\u00f3n civil para asegurar que la disfruten sin riesgos.<br><\/p>\n\n\n\n<figure class=\"wp-block-image size-large\"><img fetchpriority=\"high\" decoding=\"async\" width=\"1024\" height=\"503\" src=\"https:\/\/elinformante.mx\/wp-content\/uploads\/2023\/12\/LIA-LIMON-2-1024x503.jpg\" alt=\"\" class=\"wp-image-43192\" srcset=\"https:\/\/elinformante.mx\/wp-content\/uploads\/2023\/12\/LIA-LIMON-2-1024x503.jpg 1024w, https:\/\/elinformante.mx\/wp-content\/uploads\/2023\/12\/LIA-LIMON-2-300x147.jpg 300w, https:\/\/elinformante.mx\/wp-content\/uploads\/2023\/12\/LIA-LIMON-2-768x377.jpg 768w, https:\/\/elinformante.mx\/wp-content\/uploads\/2023\/12\/LIA-LIMON-2-580x285.jpg 580w, https:\/\/elinformante.mx\/wp-content\/uploads\/2023\/12\/LIA-LIMON-2-860x422.jpg 860w, https:\/\/elinformante.mx\/wp-content\/uploads\/2023\/12\/LIA-LIMON-2.jpg 1140w\" sizes=\"(max-width: 1024px) 100vw, 1024px\" \/><\/figure>\n\n\n\n<p>Al mismo tiempo invit\u00f3 a las familias a visitar la villa decembrina y a las ni\u00f1as y los ni\u00f1os a depositar sus cartas en la Casa de Santa Claus.<br><\/p>\n\n\n\n<p>Tras recordar que hace un a\u00f1o 15 mil personas disfrutaron de las pistas de hielo, L\u00eda Lim\u00f3n dio paso a la posada en la que los asistentes disfrutaron de tamales, ponche caliente y pi\u00f1atas. Indic\u00f3 que en las redes sociales de la alcald\u00eda se podr\u00e1n informar de las ubicaciones y horarios de las siguientes posadas.<br><\/p>\n\n\n\n<p>Finalmente subray\u00f3 \u201cnosotros aqu\u00ed seguiremos, 24\/7, como lo hemos hecho hasta este d\u00eda y como lo haremos por otro periodo. Un abrazo con cari\u00f1o para ustedes y sus familias. \u00a1en Alvarito estamos de fiesta!\u201d.<\/p>\n","protected":false},"excerpt":{"rendered":"<p>Estas atracciones, explic\u00f3, estar\u00e1n abiertas de martes a domingo de 2 de la tarde a 8:30 de la noche. Con un sentido agradecimiento por la confianza y el cari\u00f1o que le han demostrado, el cual es rec\u00edproco, la alcaldesa L\u00eda Lim\u00f3n dese\u00f3 a las vecinas y vecinos de la alcald\u00eda una muy feliz navidad y [&hellip;]<\/p>\n","protected":false},"author":1,"featured_media":43191,"comment_status":"closed","ping_status":"closed","sticky":false,"template":"","format":"standard","meta":{"footnotes":""},"categories":[35,30],"tags":[],"class_list":["post-43190","post","type-post","status-publish","format-standard","has-post-thumbnail","hentry","category-cdmx","category-destacado"],"_links":{"self":[{"href":"https:\/\/elinformante.mx\/index.php?rest_route=\/wp\/v2\/posts\/43190","targetHints":{"allow":["GET"]}}],"collection":[{"href":"https:\/\/elinformante.mx\/index.php?rest_route=\/wp\/v2\/posts"}],"about":[{"href":"https:\/\/elinformante.mx\/index.php?rest_route=\/wp\/v2\/types\/post"}],"author":[{"embeddable":true,"href":"https:\/\/elinformante.mx\/index.php?rest_route=\/wp\/v2\/users\/1"}],"replies":[{"embeddable":true,"href":"https:\/\/elinformante.mx\/index.php?rest_route=%2Fwp%2Fv2%2Fcomments&post=43190"}],"version-history":[{"count":0,"href":"https:\/\/elinformante.mx\/index.php?rest_route=\/wp\/v2\/posts\/43190\/revisions"}],"wp:featuredmedia":[{"embeddable":true,"href":"https:\/\/elinformante.mx\/index.php?rest_route=\/wp\/v2\/media\/43191"}],"wp:attachment":[{"href":"https:\/\/elinformante.mx\/index.php?rest_route=%2Fwp%2Fv2%2Fmedia&parent=43190"}],"wp:term":[{"taxonomy":"category","embeddable":true,"href":"https:\/\/elinformante.mx\/index.php?rest_route=%2Fwp%2Fv2%2Fcategories&post=43190"},{"taxonomy":"post_tag","embeddable":true,"href":"https:\/\/elinformante.mx\/index.php?rest_route=%2Fwp%2Fv2%2Ftags&post=43190"}],"curies":[{"name":"wp","href":"https:\/\/api.w.org\/{rel}","templated":true}]}}