{"id":43197,"date":"2023-12-11T05:03:29","date_gmt":"2023-12-11T11:03:29","guid":{"rendered":"https:\/\/elinformante.mx\/?p=43197"},"modified":"2023-12-11T05:03:30","modified_gmt":"2023-12-11T11:03:30","slug":"se-esperan-al-menos-a-11-millones-de-peregrinos-en-la-basilica-batres","status":"publish","type":"post","link":"https:\/\/elinformante.mx\/?p=43197","title":{"rendered":"Se esperan al menos a 11 millones de peregrinos en la Bas\u00edlica: Batres"},"content":{"rendered":"\n<blockquote class=\"wp-block-quote is-layout-flow wp-block-quote-is-layout-flow\">\n<p>El mandatario capitalino, Mart\u00ed Batres, refiri\u00f3 que a la celebraci\u00f3n contar\u00e1 con un gran n\u00famero de asistentes.<\/p>\n<\/blockquote>\n\n\n\n<p>El jefe de gobierno, Mart\u00ed Batres inform\u00f3 que, hasta el pr\u00f3ximo 13 de diciembre, se mantendr\u00e1 el operativo denominado \u201cBienvenido Peregrino 2023\u201d, que tiene como actividad principal \u201cproteger la festividad religiosa m\u00e1s importante de M\u00e9xico y de Am\u00e9rica Latina\u201d.<br><\/p>\n\n\n\n<p>En conferencia de prensa en el Palacio del Ayuntamiento, el mandatario capitalino refiri\u00f3 que a la celebraci\u00f3n de la Virgen de Guadalupe van a acudir al menos 11 millones de peregrinos.<br><\/p>\n\n\n\n<p>Por lo que, dijo se dispondr\u00e1n de 22 mil 359 elementos de la alcald\u00eda Gustavo A. Madero, de la Secretar\u00eda de Seguridad Ciudadana y de diversos entes y dependencias del Gobierno de la Ciudad de M\u00e9xico para resguardar a los asistentes.<br><\/p>\n\n\n\n<figure class=\"wp-block-image size-large\"><img fetchpriority=\"high\" decoding=\"async\" width=\"1024\" height=\"503\" src=\"https:\/\/elinformante.mx\/wp-content\/uploads\/2023\/12\/SE-ESPERA-AL-2-1024x503.jpg\" alt=\"\" class=\"wp-image-43199\" srcset=\"https:\/\/elinformante.mx\/wp-content\/uploads\/2023\/12\/SE-ESPERA-AL-2-1024x503.jpg 1024w, https:\/\/elinformante.mx\/wp-content\/uploads\/2023\/12\/SE-ESPERA-AL-2-300x147.jpg 300w, https:\/\/elinformante.mx\/wp-content\/uploads\/2023\/12\/SE-ESPERA-AL-2-768x377.jpg 768w, https:\/\/elinformante.mx\/wp-content\/uploads\/2023\/12\/SE-ESPERA-AL-2-580x285.jpg 580w, https:\/\/elinformante.mx\/wp-content\/uploads\/2023\/12\/SE-ESPERA-AL-2-860x422.jpg 860w, https:\/\/elinformante.mx\/wp-content\/uploads\/2023\/12\/SE-ESPERA-AL-2.jpg 1140w\" sizes=\"(max-width: 1024px) 100vw, 1024px\" \/><\/figure>\n\n\n\n<p>Asimismo, dijo que se tendr\u00e1 el apoyo 448 unidades vehiculares, y cuatro bases de operaci\u00f3n, adem\u00e1s de que tendr\u00e1n un especial cuidado, y atenci\u00f3n en los accesos carreteros: Puente de La Concordia, Calzada Vallejo, Puente de Conafrut, la entrada M\u00e9xico-Toluca, la sede de la Alcald\u00eda Cuajimalpa y el acceso carretero de Tlalpan, ante la llegada de feligreses.<br><\/p>\n\n\n\n<p>\u201cMa\u00f1ana (lunes) ser\u00e1 el d\u00eda de afluencia m\u00e1s elevado, de la afluencia m\u00e1s elevada de todos estos d\u00edas de festividades, de esta festividad\u201d, apunt\u00f3.<br><\/p>\n\n\n\n<p>Finalmente pidi\u00f3 a los capitalinos comprensi\u00f3n ante esta festividad, pues \u201csomos un pueblo guadalupano y, por lo tanto, actuamos como gobierno con respeto y cuidado de las creencias del pueblo mexicano\u201d.<\/p>\n","protected":false},"excerpt":{"rendered":"<p>El mandatario capitalino, Mart\u00ed Batres, refiri\u00f3 que a la celebraci\u00f3n contar\u00e1 con un gran n\u00famero de asistentes. El jefe de gobierno, Mart\u00ed Batres inform\u00f3 que, hasta el pr\u00f3ximo 13 de diciembre, se mantendr\u00e1 el operativo denominado \u201cBienvenido Peregrino 2023\u201d, que tiene como actividad principal \u201cproteger la festividad religiosa m\u00e1s importante de M\u00e9xico y de Am\u00e9rica [&hellip;]<\/p>\n","protected":false},"author":1,"featured_media":43198,"comment_status":"closed","ping_status":"closed","sticky":false,"template":"","format":"standard","meta":{"footnotes":""},"categories":[35,30],"tags":[],"class_list":["post-43197","post","type-post","status-publish","format-standard","has-post-thumbnail","hentry","category-cdmx","category-destacado"],"_links":{"self":[{"href":"https:\/\/elinformante.mx\/index.php?rest_route=\/wp\/v2\/posts\/43197","targetHints":{"allow":["GET"]}}],"collection":[{"href":"https:\/\/elinformante.mx\/index.php?rest_route=\/wp\/v2\/posts"}],"about":[{"href":"https:\/\/elinformante.mx\/index.php?rest_route=\/wp\/v2\/types\/post"}],"author":[{"embeddable":true,"href":"https:\/\/elinformante.mx\/index.php?rest_route=\/wp\/v2\/users\/1"}],"replies":[{"embeddable":true,"href":"https:\/\/elinformante.mx\/index.php?rest_route=%2Fwp%2Fv2%2Fcomments&post=43197"}],"version-history":[{"count":0,"href":"https:\/\/elinformante.mx\/index.php?rest_route=\/wp\/v2\/posts\/43197\/revisions"}],"wp:featuredmedia":[{"embeddable":true,"href":"https:\/\/elinformante.mx\/index.php?rest_route=\/wp\/v2\/media\/43198"}],"wp:attachment":[{"href":"https:\/\/elinformante.mx\/index.php?rest_route=%2Fwp%2Fv2%2Fmedia&parent=43197"}],"wp:term":[{"taxonomy":"category","embeddable":true,"href":"https:\/\/elinformante.mx\/index.php?rest_route=%2Fwp%2Fv2%2Fcategories&post=43197"},{"taxonomy":"post_tag","embeddable":true,"href":"https:\/\/elinformante.mx\/index.php?rest_route=%2Fwp%2Fv2%2Ftags&post=43197"}],"curies":[{"name":"wp","href":"https:\/\/api.w.org\/{rel}","templated":true}]}}