{"id":43207,"date":"2023-12-11T05:12:50","date_gmt":"2023-12-11T11:12:50","guid":{"rendered":"https:\/\/elinformante.mx\/?p=43207"},"modified":"2023-12-11T05:12:52","modified_gmt":"2023-12-11T11:12:52","slug":"lezama-destaca-la-transformacion-del-centro-historico-de-chetumal","status":"publish","type":"post","link":"https:\/\/elinformante.mx\/?p=43207","title":{"rendered":"Lezama destaca la transformaci\u00f3n del Centro Hist\u00f3rico de Chetumal"},"content":{"rendered":"\n<blockquote class=\"wp-block-quote is-layout-flow wp-block-quote-is-layout-flow\">\n<p>Este cambio en la capital del Estado se realiza a trav\u00e9s del Programa Barrios M\u00e1gicos.<\/p>\n<\/blockquote>\n\n\n\n<p>La gobernadora Mara Lezama Espinosa inform\u00f3 sobre el progreso en la transformaci\u00f3n del Centro Hist\u00f3rico de Chetumal, a trav\u00e9s del Programa Barrios M\u00e1gicos, con esfuerzos conjuntos entre los tres \u00f3rdenes de gobierno. Este programa busca diversificar y enriquecer los destinos tur\u00edsticos en M\u00e9xico, destacando elementos \u00fanicos de historia, cultura, gastronom\u00eda, y convivencia comunitaria.<br><\/p>\n\n\n\n<p>La Gobernadora, a trav\u00e9s de la Secretar\u00eda de Turismo de Quintana Roo, se enorgullece de apoyar estos esfuerzos que enriquecen la identidad cultural de Chetumal y atraen a visitantes de todo el mundo, reafirmando su compromiso con el desarrollo sostenible y la promoci\u00f3n tur\u00edstica de la regi\u00f3n, con base en el Nuevo Acuerdo por el Bienestar y Desarrollo que promueve prosperidad compartida.<br><\/p>\n\n\n\n<p>Mara Lezama reiter\u00f3 que este gobierno de la transformaci\u00f3n profunda est\u00e1 comprometido para devolverle el brillo a nuestra capital y se reposicione como un referente cultural y tur\u00edstico de la mano del Nuevo Acuerdo por el Bienestar y Desarrollo de Quintana Roo, de modo que el \u00e9xito tur\u00edstico se refleje en el bienestar de las familias del sur del estado.<br><\/p>\n\n\n\n<p>El Centro Hist\u00f3rico de Chetumal, nombrado como el primer Barrio M\u00e1gico del pa\u00eds el 29 de noviembre de 2022, ha experimentado una revitalizaci\u00f3n. A trav\u00e9s del Programa Rutas M\u00e1gicas de Color, se han pintado 147 fachadas, cubriendo un total de 10 mil 331.25 metros cuadrados con una paleta de colores inspirada en el Caribe. Estas intervenciones incluyen 94 residencias y 53 comercios, mejorando notablemente la imagen urbana de la zona.<br><\/p>\n\n\n\n<p>En colaboraci\u00f3n con la Fundaci\u00f3n Coraz\u00f3n Urbano A. C. y COMEX, el proyecto tambi\u00e9n est\u00e1 por concluir la creaci\u00f3n de 17 murales art\u00edsticos, que abarcan 608.56 metros cuadrados y narran la rica historia de Chetumal y sus familias fundadoras. Estos murales, realizados por artistas locales y de otras regiones del sureste de M\u00e9xico, son el resultado de talleres participativos y de inmersi\u00f3n tur\u00edstica, que han permitido una profunda conexi\u00f3n con la historia y la cultura de la ciudad.<\/p>\n","protected":false},"excerpt":{"rendered":"<p>Este cambio en la capital del Estado se realiza a trav\u00e9s del Programa Barrios M\u00e1gicos. La gobernadora Mara Lezama Espinosa inform\u00f3 sobre el progreso en la transformaci\u00f3n del Centro Hist\u00f3rico de Chetumal, a trav\u00e9s del Programa Barrios M\u00e1gicos, con esfuerzos conjuntos entre los tres \u00f3rdenes de gobierno. Este programa busca diversificar y enriquecer los destinos [&hellip;]<\/p>\n","protected":false},"author":1,"featured_media":43208,"comment_status":"closed","ping_status":"closed","sticky":false,"template":"","format":"standard","meta":{"footnotes":""},"categories":[30,34],"tags":[],"class_list":["post-43207","post","type-post","status-publish","format-standard","has-post-thumbnail","hentry","category-destacado","category-nacional"],"_links":{"self":[{"href":"https:\/\/elinformante.mx\/index.php?rest_route=\/wp\/v2\/posts\/43207","targetHints":{"allow":["GET"]}}],"collection":[{"href":"https:\/\/elinformante.mx\/index.php?rest_route=\/wp\/v2\/posts"}],"about":[{"href":"https:\/\/elinformante.mx\/index.php?rest_route=\/wp\/v2\/types\/post"}],"author":[{"embeddable":true,"href":"https:\/\/elinformante.mx\/index.php?rest_route=\/wp\/v2\/users\/1"}],"replies":[{"embeddable":true,"href":"https:\/\/elinformante.mx\/index.php?rest_route=%2Fwp%2Fv2%2Fcomments&post=43207"}],"version-history":[{"count":0,"href":"https:\/\/elinformante.mx\/index.php?rest_route=\/wp\/v2\/posts\/43207\/revisions"}],"wp:featuredmedia":[{"embeddable":true,"href":"https:\/\/elinformante.mx\/index.php?rest_route=\/wp\/v2\/media\/43208"}],"wp:attachment":[{"href":"https:\/\/elinformante.mx\/index.php?rest_route=%2Fwp%2Fv2%2Fmedia&parent=43207"}],"wp:term":[{"taxonomy":"category","embeddable":true,"href":"https:\/\/elinformante.mx\/index.php?rest_route=%2Fwp%2Fv2%2Fcategories&post=43207"},{"taxonomy":"post_tag","embeddable":true,"href":"https:\/\/elinformante.mx\/index.php?rest_route=%2Fwp%2Fv2%2Ftags&post=43207"}],"curies":[{"name":"wp","href":"https:\/\/api.w.org\/{rel}","templated":true}]}}