{"id":43216,"date":"2023-12-11T05:19:31","date_gmt":"2023-12-11T11:19:31","guid":{"rendered":"https:\/\/elinformante.mx\/?p=43216"},"modified":"2023-12-11T07:48:11","modified_gmt":"2023-12-11T13:48:11","slug":"talantes-olvidados","status":"publish","type":"post","link":"https:\/\/elinformante.mx\/?p=43216","title":{"rendered":"TALANTES OLVIDADOS"},"content":{"rendered":"\n<blockquote class=\"wp-block-quote is-layout-flow wp-block-quote-is-layout-flow\">\n<p><strong>Por V\u00edctor Corcoba Herrero<\/strong><\/p>\n<\/blockquote>\n\n\n\n<p>Cualquier momento es bueno para emprender nuevos caminos que nos armonicen; y, de este modo, poder reforzar nuestra nostalgia de hermanamiento en un mundo cada vez m\u00e1s dividido y tenso. Sin duda, hay que tomar otras actitudes de dimensi\u00f3n universal, porque hemos de ser uno, aunque seamos distintos. No podemos romper los parentescos que nos familiarizan como linaje, por muchas discrepancias que atesoremos en nuestro diario existencial. Estamos llamados a o\u00edrnos y a comprendernos. Por eso, es importante entrar en sinton\u00eda, poner la escucha y responder sabiamente, ser imparcial en los juicios y ponderar las situaciones desde la prudencia.<br><\/p>\n\n\n\n<p>Las controversias realmente se solventan con un esp\u00edritu neutral, especialmente en situaciones de conflictos y desastres. Desde luego, frente a este aluvi\u00f3n de crisis y enfrentamientos que actualmente sufren todos los continentes, en mayor o en menor medida, es de gran importancia forjar relaciones pac\u00edficas, amistosas y de aproximaci\u00f3n. Con raz\u00f3n se dice, se comenta, que no existe verdadera concordia si la realidad no se funda en el cultivo del abrazo permanente, en el que cada pueblo pueda elegir, desde la propia libertad de autocr\u00edtica, los caminos de su desarrollo solidario y aut\u00e9ntico.<br><\/p>\n\n\n\n<p>Al final, a poco que buceemos entre s\u00ed y pongamos el talento de la verdad como horizonte, nos daremos cuenta que en realidad todo se complementa; y, aunque pueda parecer antag\u00f3nico, es cuesti\u00f3n de reconsiderar actitudes arrinconadas. Junto a ello, tan vital como la mano extendida es el vocablo justo en el momento preciso, esa diplomacia preventiva que debe acompa\u00f1arnos siempre y que es una funci\u00f3n esencial de las Naciones Unidas. Indudablemente, tal y como est\u00e1 el mundo en tr\u00e1gico desbordamiento de hostilidades, los esfuerzos humanos tienen que encaminarse a un cambio de visiones, que solo se alcanza con un coraz\u00f3n clemente.<br><\/p>\n\n\n\n<p>Estoy profundamente convencido, que la unidad de la familia humana, llegar\u00e1 justo en el momento en que todo se descanse en una comuni\u00f3n de donaciones et\u00e9reas y no de intereses mundanos. En este sentido, no hay horizonte m\u00e1s positivo, que las Naciones Unidas se hayan comprometido a abandonar la cultura de la reacci\u00f3n; y, en cambio, hayan adoptado la cultura de la prevenci\u00f3n. Justo, esta mediaci\u00f3n, es la que nos lleva a los acuerdos de paz, poniendo fin a los peligros existentes y evitando el surgimiento a la escalada de problemas nuevos. De ah\u00ed, la importancia del buen talante, para reconquistar las sensatas iniciativas de caminar unidos.<br><\/p>\n\n\n\n<p>Se bien los esfuerzos que requieren los cambios, pero nos jugamos nuestra propia continuidad como especie pensante. El c\u00famulo de controversias es grande, lo que exige un esp\u00edritu de colaboraci\u00f3n y cooperaci\u00f3n colectiva, entrando en di\u00e1logo sincero, con la disposici\u00f3n de atender y entender a las partes en conflicto. Los pactos han de ser inclusivos, coherentes con la normativa universal, pues de lo que se trata es de conciliar lo que parec\u00eda irreconciliable. \u00a1Qu\u00e9 nadie ceda al cansancio, sino que todos estemos dispuestos a sacrificar los personales dividendos lucrativos, para que triunfe la quietud y el bien com\u00fan!<br><\/p>\n\n\n\n<p>Ahora bien, hay que superar el individualismo, para retomar esos caracteres innatos olvidados. Llegar\u00e1 el d\u00eda en el que la tierra ser\u00e1 morada de un latir conjunto. Como estrofa que somos, parte de ese poema interminable vivencial, rezumar\u00e1 armon\u00eda en el instante que los v\u00ednculos se fraternicen. El gozo germina de la m\u00edstica, apartado de todo poder y recogido con su plena creatividad y responsabilidad, en la infusi\u00f3n del amor. Querer es poder, sin duda. Tampoco existe gran talento sin una fuerte graf\u00eda. La voluntad es la que nos transforma; y as\u00ed, el orbe nos crea y recrea cuando los soplos se besan en verso y se envuelven de paz con la mirada<\/p>\n","protected":false},"excerpt":{"rendered":"<p>Por V\u00edctor Corcoba Herrero Cualquier momento es bueno para emprender nuevos caminos que nos armonicen; y, de este modo, poder reforzar nuestra nostalgia de hermanamiento en un mundo cada vez m\u00e1s dividido y tenso. Sin duda, hay que tomar otras actitudes de dimensi\u00f3n universal, porque hemos de ser uno, aunque seamos distintos. No podemos romper [&hellip;]<\/p>\n","protected":false},"author":1,"featured_media":43217,"comment_status":"closed","ping_status":"closed","sticky":false,"template":"","format":"standard","meta":{"footnotes":""},"categories":[32],"tags":[],"class_list":["post-43216","post","type-post","status-publish","format-standard","has-post-thumbnail","hentry","category-editorial"],"_links":{"self":[{"href":"https:\/\/elinformante.mx\/index.php?rest_route=\/wp\/v2\/posts\/43216","targetHints":{"allow":["GET"]}}],"collection":[{"href":"https:\/\/elinformante.mx\/index.php?rest_route=\/wp\/v2\/posts"}],"about":[{"href":"https:\/\/elinformante.mx\/index.php?rest_route=\/wp\/v2\/types\/post"}],"author":[{"embeddable":true,"href":"https:\/\/elinformante.mx\/index.php?rest_route=\/wp\/v2\/users\/1"}],"replies":[{"embeddable":true,"href":"https:\/\/elinformante.mx\/index.php?rest_route=%2Fwp%2Fv2%2Fcomments&post=43216"}],"version-history":[{"count":0,"href":"https:\/\/elinformante.mx\/index.php?rest_route=\/wp\/v2\/posts\/43216\/revisions"}],"wp:featuredmedia":[{"embeddable":true,"href":"https:\/\/elinformante.mx\/index.php?rest_route=\/wp\/v2\/media\/43217"}],"wp:attachment":[{"href":"https:\/\/elinformante.mx\/index.php?rest_route=%2Fwp%2Fv2%2Fmedia&parent=43216"}],"wp:term":[{"taxonomy":"category","embeddable":true,"href":"https:\/\/elinformante.mx\/index.php?rest_route=%2Fwp%2Fv2%2Fcategories&post=43216"},{"taxonomy":"post_tag","embeddable":true,"href":"https:\/\/elinformante.mx\/index.php?rest_route=%2Fwp%2Fv2%2Ftags&post=43216"}],"curies":[{"name":"wp","href":"https:\/\/api.w.org\/{rel}","templated":true}]}}