{"id":43233,"date":"2023-12-11T05:28:20","date_gmt":"2023-12-11T11:28:20","guid":{"rendered":"https:\/\/elinformante.mx\/?p=43233"},"modified":"2023-12-11T05:28:21","modified_gmt":"2023-12-11T11:28:21","slug":"niega-gobierno-acceso-a-proteccion-a-114-periodistas","status":"publish","type":"post","link":"https:\/\/elinformante.mx\/?p=43233","title":{"rendered":"Niega Gobierno acceso a protecci\u00f3n a 114 periodistas"},"content":{"rendered":"\n<blockquote class=\"wp-block-quote is-layout-flow wp-block-quote-is-layout-flow\">\n<p>Representan el doble de los comunicadores rechazados en los primeros cinco a\u00f1os del gobierno de Pe\u00f1a Nieto, cuando sumaron 59.<\/p>\n<\/blockquote>\n\n\n\n<p>Durante la administraci\u00f3n de la Cuarta Transformaci\u00f3n (4T), 114 periodistas han sido rechazados para acceder al Mecanismo de Protecci\u00f3n, lo que representa 23 por ciento de las 485 solicitudes recibidas del 1 de enero de 2019 al 30 de octubre pasado.<br><\/p>\n\n\n\n<p>Estos 114 son casi el doble de los rechazados en los primeros cinco a\u00f1os del gobierno de Enrique Pe\u00f1a Nieto, cuando sumaron 59, de acuerdo con cifras oficiales.<br><\/p>\n\n\n\n<p>De acuerdo con el marco jur\u00eddico vigente en el pa\u00eds, la protecci\u00f3n de la vida de los comunicadores corresponde al Mecanismo de Protecci\u00f3n de Personas Defensoras de Derechos Humanos y Periodistas, dependiente de la Secretar\u00eda de Gobernaci\u00f3n. Desde su creaci\u00f3n en 2012, durante el gobierno de Pe\u00f1a Nieto, el Mecanismo ha dejado en manos de una sola empresa privada \u2013RCU Sistemas S.A de C.V- el cumplimiento de las medidas de protecci\u00f3n para resguardar la vida de los comunicadores en riesgo de muerte.<br><\/p>\n\n\n\n<p>RCU Sistemas se ha encargado de brindar botones de p\u00e1nico, chalecos y circuitos cerrados de televisi\u00f3n que son colocados fuera de los domicilios de periodistas incorporados al Mecanismo. Adem\u00e1s, hasta hace dos a\u00f1os asignaba a las escoltas que acompa\u00f1an a los comunicadores en riesgo, pero tras diversas quejas por el servicio la instancia federal opt\u00f3 por sustituirlas por integrantes de la Guardia Nacional. Un diagn\u00f3stico elaborado en 2018 por un grupo de organizaciones de la sociedad civil, agrupadas en Espacio OSC, determin\u00f3 que los botones de p\u00e1nico de RCU Sistemas eran inservibles, ya que en 11 de 13 casos que se usaron, no funcionaron correctamente.<br><\/p>\n\n\n\n<p>De acuerdo con el Observatorio de Periodistas de la UNESCO, en lo que va del gobierno de AMLO, 57 periodistas han sido asesinados en M\u00e9xico, de los cuales, al menos 12 estaban en el Mecanismo de Protecci\u00f3n y cuatro m\u00e1s buscaron sin \u00e9xito ser incorporados por sentirse en riesgo. Adem\u00e1s, cada 12 horas se ha registrado una agresi\u00f3n contra comunicadores en el pa\u00eds.<br><\/p>\n\n\n\n<p>Seg\u00fan los datos del Mecanismo, 39 por ciento de los probables agresores de periodistas en este a\u00f1o son servidores p\u00fablicos, mientras 33 por ciento son particulares, y otro 26 por ciento no son identificados. Adem\u00e1s, la mayor\u00eda de las solicitudes de protecci\u00f3n registradas en los \u00faltimos cinco a\u00f1os se originaron en la Ciudad de M\u00e9xico, Guerrero, Oaxaca y Veracruz.<\/p>\n","protected":false},"excerpt":{"rendered":"<p>Representan el doble de los comunicadores rechazados en los primeros cinco a\u00f1os del gobierno de Pe\u00f1a Nieto, cuando sumaron 59. Durante la administraci\u00f3n de la Cuarta Transformaci\u00f3n (4T), 114 periodistas han sido rechazados para acceder al Mecanismo de Protecci\u00f3n, lo que representa 23 por ciento de las 485 solicitudes recibidas del 1 de enero de [&hellip;]<\/p>\n","protected":false},"author":1,"featured_media":43234,"comment_status":"closed","ping_status":"closed","sticky":false,"template":"","format":"standard","meta":{"footnotes":""},"categories":[30,31],"tags":[],"class_list":["post-43233","post","type-post","status-publish","format-standard","has-post-thumbnail","hentry","category-destacado","category-portada"],"_links":{"self":[{"href":"https:\/\/elinformante.mx\/index.php?rest_route=\/wp\/v2\/posts\/43233","targetHints":{"allow":["GET"]}}],"collection":[{"href":"https:\/\/elinformante.mx\/index.php?rest_route=\/wp\/v2\/posts"}],"about":[{"href":"https:\/\/elinformante.mx\/index.php?rest_route=\/wp\/v2\/types\/post"}],"author":[{"embeddable":true,"href":"https:\/\/elinformante.mx\/index.php?rest_route=\/wp\/v2\/users\/1"}],"replies":[{"embeddable":true,"href":"https:\/\/elinformante.mx\/index.php?rest_route=%2Fwp%2Fv2%2Fcomments&post=43233"}],"version-history":[{"count":0,"href":"https:\/\/elinformante.mx\/index.php?rest_route=\/wp\/v2\/posts\/43233\/revisions"}],"wp:featuredmedia":[{"embeddable":true,"href":"https:\/\/elinformante.mx\/index.php?rest_route=\/wp\/v2\/media\/43234"}],"wp:attachment":[{"href":"https:\/\/elinformante.mx\/index.php?rest_route=%2Fwp%2Fv2%2Fmedia&parent=43233"}],"wp:term":[{"taxonomy":"category","embeddable":true,"href":"https:\/\/elinformante.mx\/index.php?rest_route=%2Fwp%2Fv2%2Fcategories&post=43233"},{"taxonomy":"post_tag","embeddable":true,"href":"https:\/\/elinformante.mx\/index.php?rest_route=%2Fwp%2Fv2%2Ftags&post=43233"}],"curies":[{"name":"wp","href":"https:\/\/api.w.org\/{rel}","templated":true}]}}