{"id":43236,"date":"2023-12-11T05:33:01","date_gmt":"2023-12-11T11:33:01","guid":{"rendered":"https:\/\/elinformante.mx\/?p=43236"},"modified":"2023-12-11T05:33:02","modified_gmt":"2023-12-11T11:33:02","slug":"tras-presunto-caso-de-corrupcion-de-su-hijo-amlo-afirma-estoy-tranquilo-con-el-tribunal-de-mi-conciencia","status":"publish","type":"post","link":"https:\/\/elinformante.mx\/?p=43236","title":{"rendered":"TRAS PRESUNTO CASO DE CORRUPCI\u00d3N DE SU HIJO, AMLO AFIRMA: \u201cESTOY TRANQUILO CON EL TRIBUNAL DE MI CONCIENCIA\u201d"},"content":{"rendered":"\n<blockquote class=\"wp-block-quote is-layout-flow wp-block-quote-is-layout-flow\">\n<p>Al cierre de su gira por el Estado de M\u00e9xico, el Presidente afirma que se encuentra muy feliz, a pesar de que se acerca el final de su mandato.<\/p>\n<\/blockquote>\n\n\n\n<p>Despu\u00e9s de que la semana pasada, Andr\u00e9s L\u00f3pez Beltr\u00e1n, hijo del presidente Andr\u00e9s Manuel L\u00f3pez Obrador, fuera relacionado con un presunto caso de corrupci\u00f3n, entre la empresa propiedad de uno de sus amigos \u00edntimos, Alm\u00edcar Ol\u00e1n, y el gobierno morenista de Quintana Roo, el titular del Ejecutivo dijo tener la conciencia tranquila.<br><\/p>\n\n\n\n<p>Al cierre de su gira por el Estado de M\u00e9xico, que fue de tres d\u00edas, en el Parque Metropolitano Bicentenario de Toluca, a\u00f1adi\u00f3 que se encuentra muy feliz, a pesar de que se acerca el final de su mandato, en septiembre del 2024.<br><\/p>\n\n\n\n<p>Y dijo que no tiene apego al poder o al dinero, y ello le permite no aferrarse al cargo.<br><\/p>\n\n\n\n<figure class=\"wp-block-image size-large\"><img fetchpriority=\"high\" decoding=\"async\" width=\"1024\" height=\"503\" src=\"https:\/\/elinformante.mx\/wp-content\/uploads\/2023\/12\/TRAS-PRESUNTO-2-1024x503.jpg\" alt=\"\" class=\"wp-image-43238\" srcset=\"https:\/\/elinformante.mx\/wp-content\/uploads\/2023\/12\/TRAS-PRESUNTO-2-1024x503.jpg 1024w, https:\/\/elinformante.mx\/wp-content\/uploads\/2023\/12\/TRAS-PRESUNTO-2-300x147.jpg 300w, https:\/\/elinformante.mx\/wp-content\/uploads\/2023\/12\/TRAS-PRESUNTO-2-768x377.jpg 768w, https:\/\/elinformante.mx\/wp-content\/uploads\/2023\/12\/TRAS-PRESUNTO-2-580x285.jpg 580w, https:\/\/elinformante.mx\/wp-content\/uploads\/2023\/12\/TRAS-PRESUNTO-2-860x422.jpg 860w, https:\/\/elinformante.mx\/wp-content\/uploads\/2023\/12\/TRAS-PRESUNTO-2.jpg 1140w\" sizes=\"(max-width: 1024px) 100vw, 1024px\" \/><\/figure>\n\n\n\n<p>\u201cEsto es lo que me permite resistir, lo que me ha permitido luchar por muchos a\u00f1os por mis ideales, por mis principios, y poder decir, casi al final de mi mandato, que me siento muy feliz, y que estoy, en verdad, muy tranquilo con el tribunal de mi conciencia\u201d, refiri\u00f3.<br><\/p>\n\n\n\n<p>Entre gritos de beneficiarios de los programas sociales, que le pidieron que se reelija, dijo que est\u00e1 en contra de dicho mecanismo electoral.<br><\/p>\n\n\n\n<p>\u201cNo hay que tener mucho apego, ni con el poder, ni con el dinero. Eso no es la felicidad. La felicidad es estar bien con uno mismo, estar bien con nuestra conciencia y estar bien con el pr\u00f3jimo. Esa es la verdadera felicidad\u201d, dijo.<br><\/p>\n\n\n\n<figure class=\"wp-block-image size-large\"><img decoding=\"async\" width=\"1024\" height=\"503\" src=\"https:\/\/elinformante.mx\/wp-content\/uploads\/2023\/12\/TRAS-PRESUNTO-6-1024x503.jpg\" alt=\"\" class=\"wp-image-43239\" srcset=\"https:\/\/elinformante.mx\/wp-content\/uploads\/2023\/12\/TRAS-PRESUNTO-6-1024x503.jpg 1024w, https:\/\/elinformante.mx\/wp-content\/uploads\/2023\/12\/TRAS-PRESUNTO-6-300x147.jpg 300w, https:\/\/elinformante.mx\/wp-content\/uploads\/2023\/12\/TRAS-PRESUNTO-6-768x377.jpg 768w, https:\/\/elinformante.mx\/wp-content\/uploads\/2023\/12\/TRAS-PRESUNTO-6-580x285.jpg 580w, https:\/\/elinformante.mx\/wp-content\/uploads\/2023\/12\/TRAS-PRESUNTO-6-860x422.jpg 860w, https:\/\/elinformante.mx\/wp-content\/uploads\/2023\/12\/TRAS-PRESUNTO-6.jpg 1140w\" sizes=\"(max-width: 1024px) 100vw, 1024px\" \/><\/figure>\n\n\n\n<p>Cabe mencionar que al concluir la gira de trabajo del fin de semana, el presidente Andr\u00e9s Manuel L\u00f3pez Obrador sostuvo que las condiciones de estabilidad econ\u00f3mica propiciadas por el Gobierno de la Cuarta Transformaci\u00f3n han resultado en la disminuci\u00f3n hist\u00f3rica de la pobreza y la desigualdad en M\u00e9xico, lo que se traduce en mayor justicia social.<br><\/p>\n\n\n\n<p>Expuso que el presupuesto 2024 garantiza la continuidad y ampliaci\u00f3n de todos los Programas para el Bienestar.<br><\/p>\n\n\n\n<p>Dijo que en Toluca est\u00e1n inscritos mil 153 mujeres y hombres en el programa J\u00f3venes Construyendo el Futuro, iniciativa que garantiza su formaci\u00f3n profesional, oportunidades y que la delincuencia no los incluya en sus filas.<br><\/p>\n\n\n\n<figure class=\"wp-block-image size-large\"><img decoding=\"async\" width=\"1024\" height=\"503\" src=\"https:\/\/elinformante.mx\/wp-content\/uploads\/2023\/12\/TRAS-PRESUNTO-4-1024x503.jpg\" alt=\"\" class=\"wp-image-43240\" srcset=\"https:\/\/elinformante.mx\/wp-content\/uploads\/2023\/12\/TRAS-PRESUNTO-4-1024x503.jpg 1024w, https:\/\/elinformante.mx\/wp-content\/uploads\/2023\/12\/TRAS-PRESUNTO-4-300x147.jpg 300w, https:\/\/elinformante.mx\/wp-content\/uploads\/2023\/12\/TRAS-PRESUNTO-4-768x377.jpg 768w, https:\/\/elinformante.mx\/wp-content\/uploads\/2023\/12\/TRAS-PRESUNTO-4-580x285.jpg 580w, https:\/\/elinformante.mx\/wp-content\/uploads\/2023\/12\/TRAS-PRESUNTO-4-860x422.jpg 860w, https:\/\/elinformante.mx\/wp-content\/uploads\/2023\/12\/TRAS-PRESUNTO-4.jpg 1140w\" sizes=\"(max-width: 1024px) 100vw, 1024px\" \/><\/figure>\n\n\n\n<p>En materia de becas, el mandatario explic\u00f3 que ya suman 3 mil 385 universitarios, 39 mil 908 estudiantes de bachillerato y 23 mil 839 familias con hijas e hijos estudiantes del nivel b\u00e1sico. A estos \u00faltimos, anunci\u00f3, se agregar\u00e1n 13 mil nuevos beneficiarios.<br><\/p>\n\n\n\n<p>Del programa La Escuela es Nuestra destac\u00f3 que a la fecha hay un avance de 23 por ciento en la distribuci\u00f3n de este apoyo, sin embargo, instruy\u00f3 a Pamela L\u00f3pez Ruiz, encargada de la iniciativa, que antes de terminar su mandato cubra el total de los planteles.<br><\/p>\n\n\n\n<p>Sobre la pensi\u00f3n para personas adultas mayores, el jefe del Ejecutivo report\u00f3 66 mil 916 beneficiarias y beneficiarios que a partir de 2024 acceder\u00e1n a 6 mil pesos bimestrales.<br><\/p>\n\n\n\n<figure class=\"wp-block-image size-large\"><img loading=\"lazy\" decoding=\"async\" width=\"1024\" height=\"503\" src=\"https:\/\/elinformante.mx\/wp-content\/uploads\/2023\/12\/TRAS-PRESUNTO-7-1024x503.jpg\" alt=\"\" class=\"wp-image-43241\" srcset=\"https:\/\/elinformante.mx\/wp-content\/uploads\/2023\/12\/TRAS-PRESUNTO-7-1024x503.jpg 1024w, https:\/\/elinformante.mx\/wp-content\/uploads\/2023\/12\/TRAS-PRESUNTO-7-300x147.jpg 300w, https:\/\/elinformante.mx\/wp-content\/uploads\/2023\/12\/TRAS-PRESUNTO-7-768x377.jpg 768w, https:\/\/elinformante.mx\/wp-content\/uploads\/2023\/12\/TRAS-PRESUNTO-7-580x285.jpg 580w, https:\/\/elinformante.mx\/wp-content\/uploads\/2023\/12\/TRAS-PRESUNTO-7-860x422.jpg 860w, https:\/\/elinformante.mx\/wp-content\/uploads\/2023\/12\/TRAS-PRESUNTO-7.jpg 1140w\" sizes=\"(max-width: 1024px) 100vw, 1024px\" \/><\/figure>\n\n\n\n<p>Tambi\u00e9n las personas con discapacidad tienen asegurado este apoyo y ahora es universal en el Estado de M\u00e9xico. Se entrega de los 0 a los 64 a\u00f1os.<br><\/p>\n\n\n\n<p>Las hijas e hijos de madres trabajadoras seguir\u00e1n recibiendo recursos para cuidados. Los productores de Toluca ya son 2 mil 369 y continuar\u00e1n recibiendo apoyos de Producci\u00f3n para el Bienestar, adem\u00e1s de fertilizantes.<br><\/p>\n\n\n\n<p>El presidente L\u00f3pez Obrador resalt\u00f3 que los ingenieros militares de la Secretar\u00eda de la Defensa Nacional construyeron en dos a\u00f1os y medio el Aeropuerto Internacional Felipe \u00c1ngeles (AIFA) en Zumpango y en Tulum, Quintana Roo, el Aeropuerto Internacional Felipe Carrillo Puerto en s\u00f3lo un a\u00f1o con cinco meses.<br><\/p>\n\n\n\n<figure class=\"wp-block-image size-large\"><img loading=\"lazy\" decoding=\"async\" width=\"1024\" height=\"503\" src=\"https:\/\/elinformante.mx\/wp-content\/uploads\/2023\/12\/TRAS-PRESUNTOS-1024x503.jpg\" alt=\"\" class=\"wp-image-43242\" srcset=\"https:\/\/elinformante.mx\/wp-content\/uploads\/2023\/12\/TRAS-PRESUNTOS-1024x503.jpg 1024w, https:\/\/elinformante.mx\/wp-content\/uploads\/2023\/12\/TRAS-PRESUNTOS-300x147.jpg 300w, https:\/\/elinformante.mx\/wp-content\/uploads\/2023\/12\/TRAS-PRESUNTOS-768x377.jpg 768w, https:\/\/elinformante.mx\/wp-content\/uploads\/2023\/12\/TRAS-PRESUNTOS-580x285.jpg 580w, https:\/\/elinformante.mx\/wp-content\/uploads\/2023\/12\/TRAS-PRESUNTOS-860x422.jpg 860w, https:\/\/elinformante.mx\/wp-content\/uploads\/2023\/12\/TRAS-PRESUNTOS.jpg 1140w\" sizes=\"(max-width: 1024px) 100vw, 1024px\" \/><\/figure>\n\n\n\n<p>En dos a\u00f1os y medio, dos mil 749 sucursales del Banco del Bienestar y m\u00e1s de 400 cuarteles de la Guardia Nacional.<br><\/p>\n\n\n\n<p>\u201cDicen que estamos militarizando el pa\u00eds. No. Se olvidan de que el soldado es pueblo uniformado. (\u2026) Nos est\u00e1n ayudando. Cumplen con su misi\u00f3n de garantizar la paz y la tranquilidad y tambi\u00e9n de auxiliar al pueblo en momentos dif\u00edciles como ahora el hurac\u00e1n que afect\u00f3 en Guerrero, en Acapulco, los primeros en llegar y ah\u00ed est\u00e1n repartiendo despensa y comida y refrigeradores y estufas y limpiando y cuidando los integrantes de las Fuerzas Armadas, entonces ellos nos est\u00e1n ayudando\u201d, remarc\u00f3.<br><\/p>\n\n\n\n<p>Asegur\u00f3 que al t\u00e9rmino de su administraci\u00f3n estar\u00e1n concluidas todas las obras en curso, como el Parque Ecol\u00f3gico Lago de Texcoco, el Troleb\u00fas de Chalco a Santa Martha Acatitla y la construcci\u00f3n de una universidad dedicada a la impartici\u00f3n de licenciaturas de ciencias de la salud.<br><\/p>\n\n\n\n<p>Tambi\u00e9n el Tren Suburbano al AIFA y las estaciones pendientes del Tren El Insurgente, que va de Toluca a la Ciudad de M\u00e9xico.<\/p>\n\n\n\n<figure class=\"wp-block-image size-large\"><img loading=\"lazy\" decoding=\"async\" width=\"1024\" height=\"503\" src=\"https:\/\/elinformante.mx\/wp-content\/uploads\/2023\/12\/TRAS-PRESUNTO-8-1024x503.jpg\" alt=\"\" class=\"wp-image-43243\" srcset=\"https:\/\/elinformante.mx\/wp-content\/uploads\/2023\/12\/TRAS-PRESUNTO-8-1024x503.jpg 1024w, https:\/\/elinformante.mx\/wp-content\/uploads\/2023\/12\/TRAS-PRESUNTO-8-300x147.jpg 300w, https:\/\/elinformante.mx\/wp-content\/uploads\/2023\/12\/TRAS-PRESUNTO-8-768x377.jpg 768w, https:\/\/elinformante.mx\/wp-content\/uploads\/2023\/12\/TRAS-PRESUNTO-8-580x285.jpg 580w, https:\/\/elinformante.mx\/wp-content\/uploads\/2023\/12\/TRAS-PRESUNTO-8-860x422.jpg 860w, https:\/\/elinformante.mx\/wp-content\/uploads\/2023\/12\/TRAS-PRESUNTO-8.jpg 1140w\" sizes=\"(max-width: 1024px) 100vw, 1024px\" \/><\/figure>\n","protected":false},"excerpt":{"rendered":"<p>Al cierre de su gira por el Estado de M\u00e9xico, el Presidente afirma que se encuentra muy feliz, a pesar de que se acerca el final de su mandato. Despu\u00e9s de que la semana pasada, Andr\u00e9s L\u00f3pez Beltr\u00e1n, hijo del presidente Andr\u00e9s Manuel L\u00f3pez Obrador, fuera relacionado con un presunto caso de corrupci\u00f3n, entre la [&hellip;]<\/p>\n","protected":false},"author":1,"featured_media":43237,"comment_status":"closed","ping_status":"closed","sticky":false,"template":"","format":"standard","meta":{"footnotes":""},"categories":[30,31],"tags":[],"class_list":["post-43236","post","type-post","status-publish","format-standard","has-post-thumbnail","hentry","category-destacado","category-portada"],"_links":{"self":[{"href":"https:\/\/elinformante.mx\/index.php?rest_route=\/wp\/v2\/posts\/43236","targetHints":{"allow":["GET"]}}],"collection":[{"href":"https:\/\/elinformante.mx\/index.php?rest_route=\/wp\/v2\/posts"}],"about":[{"href":"https:\/\/elinformante.mx\/index.php?rest_route=\/wp\/v2\/types\/post"}],"author":[{"embeddable":true,"href":"https:\/\/elinformante.mx\/index.php?rest_route=\/wp\/v2\/users\/1"}],"replies":[{"embeddable":true,"href":"https:\/\/elinformante.mx\/index.php?rest_route=%2Fwp%2Fv2%2Fcomments&post=43236"}],"version-history":[{"count":0,"href":"https:\/\/elinformante.mx\/index.php?rest_route=\/wp\/v2\/posts\/43236\/revisions"}],"wp:featuredmedia":[{"embeddable":true,"href":"https:\/\/elinformante.mx\/index.php?rest_route=\/wp\/v2\/media\/43237"}],"wp:attachment":[{"href":"https:\/\/elinformante.mx\/index.php?rest_route=%2Fwp%2Fv2%2Fmedia&parent=43236"}],"wp:term":[{"taxonomy":"category","embeddable":true,"href":"https:\/\/elinformante.mx\/index.php?rest_route=%2Fwp%2Fv2%2Fcategories&post=43236"},{"taxonomy":"post_tag","embeddable":true,"href":"https:\/\/elinformante.mx\/index.php?rest_route=%2Fwp%2Fv2%2Ftags&post=43236"}],"curies":[{"name":"wp","href":"https:\/\/api.w.org\/{rel}","templated":true}]}}