{"id":43600,"date":"2023-12-15T04:14:06","date_gmt":"2023-12-15T10:14:06","guid":{"rendered":"https:\/\/elinformante.mx\/?p=43600"},"modified":"2023-12-15T04:14:07","modified_gmt":"2023-12-15T10:14:07","slug":"abierto-mexicano-de-tenis-confirma-su-sede-en-acapulco-y-le-abre-las-puertas-a-nadal","status":"publish","type":"post","link":"https:\/\/elinformante.mx\/?p=43600","title":{"rendered":"Abierto Mexicano de Tenis confirma su sede en Acapulco y le abre las puertas a Nadal"},"content":{"rendered":"\n<blockquote class=\"wp-block-quote is-layout-flow wp-block-quote-is-layout-flow\">\n<p>El director del Abierto Mexicano de Tenis dijo que aunque el estadio sufri\u00f3 da\u00f1os tras el hurac\u00e1n Otis, estar\u00e1 listo para el evento.<\/p>\n<\/blockquote>\n\n\n\n<p>El Abierto Mexicano de Tenis confirm\u00f3 este jueves su sede en el puerto de Acapulco, Guerrero, y le abri\u00f3 las puertas al espa\u00f1ol Rafael Nadal, que tendr\u00e1 un lugar en el cuadro principal, si decide jugar el torneo.<br><\/p>\n\n\n\n<p>\u201cAcapulco es nuestra casa en las buenas y las malas y ah\u00ed celebraremos el Abierto; en cuanto a Rafa, si desea venir, siempre tendr\u00e1 un espacio\u201d, le dijo a la Agencia EFE el director del torneo \u00c1lvaro Falla.<br><\/p>\n\n\n\n<p>El pasado mes de octubre el hurac\u00e1n Otis caus\u00f3 destrozos en Acapulco, destruy\u00f3 parte de la ciudad y caus\u00f3 poco m\u00e1s de medio centenar de muertos.<br><\/p>\n\n\n\n<p>El estadio sede del Abierto sufri\u00f3 da\u00f1os severos, pero, seg\u00fan Falla, estar\u00e1 listo para recibir el torneo categor\u00eda 500 de la ATP, del 24 febrero al 2 de marzo.<br><\/p>\n\n\n\n<p>\u201cHay un proceso de reconstrucci\u00f3n, tambi\u00e9n de sanaci\u00f3n; hay cicatrices de las heridas, pero vamos a ofrecer todas las garant\u00edas\u201d, se\u00f1al\u00f3.<br><\/p>\n\n\n\n<figure class=\"wp-block-image size-large\"><img fetchpriority=\"high\" decoding=\"async\" width=\"1024\" height=\"503\" src=\"https:\/\/elinformante.mx\/wp-content\/uploads\/2023\/12\/abierto-mexicano-2-1024x503.jpg\" alt=\"\" class=\"wp-image-43602\" srcset=\"https:\/\/elinformante.mx\/wp-content\/uploads\/2023\/12\/abierto-mexicano-2-1024x503.jpg 1024w, https:\/\/elinformante.mx\/wp-content\/uploads\/2023\/12\/abierto-mexicano-2-300x147.jpg 300w, https:\/\/elinformante.mx\/wp-content\/uploads\/2023\/12\/abierto-mexicano-2-768x377.jpg 768w, https:\/\/elinformante.mx\/wp-content\/uploads\/2023\/12\/abierto-mexicano-2-580x285.jpg 580w, https:\/\/elinformante.mx\/wp-content\/uploads\/2023\/12\/abierto-mexicano-2-860x422.jpg 860w, https:\/\/elinformante.mx\/wp-content\/uploads\/2023\/12\/abierto-mexicano-2.jpg 1140w\" sizes=\"(max-width: 1024px) 100vw, 1024px\" \/><\/figure>\n\n\n\n<p>En el 2024 el certamen contar\u00e1 con la presencia de nueve de los mejores 20 tenistas del ranking en la ATP, encabezados por el Holgar Rune, sexto del ranking mundial.<br><\/p>\n\n\n\n<p>Tambi\u00e9n estar\u00e1n el griego Stefano Tsitsipas, sexta raqueta de la ATP, el alem\u00e1n Alexander Zverev (7), el estadounidense Taylor Fritz (10), el noruego Casper Ruud (11), los estadounidenses Tommy Paul (13) y Frances Tiafoe (16), el b\u00falgaro Grigor Dimitrov (14) y el estadounidense Ben Shelton (17).<br><\/p>\n\n\n\n<p>Nadal, ganador de 22 torneos \u2018Grand Slam\u2019, conquist\u00f3 Acapulco cuatro veces; se espera su regreso al tour de la ATP a inicios del 2024 y Falla reconoci\u00f3 que ser\u00eda una buena noticia que el espa\u00f1ol se recuperara de las lesiones y estuviera en Acapulco antes de los M\u00e1ster 1.000 de marzo en Indian Wells y Miami.<br><\/p>\n\n\n\n<p>Sobre el tambi\u00e9n espa\u00f1ol Carlos Alcaraz, n\u00famero dos del mundo, que estar\u00e1 ausente en Acapulco porque jugar\u00e1 R\u00edo de Janeiro, Falla confirm\u00f3 que es otro tenista que considera de la casa y ser\u00e1 bienvenido cuando sus planes le permitan jugar el torneo.<br><\/p>\n\n\n\n<p>La oficina del Abierto explic\u00f3 que al llevar a cabo el torneo en Acapulco generar\u00e1n un impacto positivo en la lastimada econom\u00eda local y en la comunidad, al aportar vitalidad al turismo, el transporte, la gastronom\u00eda y la hoteler\u00eda.<br><\/p>\n\n\n\n<p>Este a\u00f1o el Abierto Mexicano de Tenis fue ganado por el australiano Alex de Mainaur, quien venci\u00f3 por 3-6, 6-4, 6-1 a Tommy Paul.<\/p>\n","protected":false},"excerpt":{"rendered":"<p>El director del Abierto Mexicano de Tenis dijo que aunque el estadio sufri\u00f3 da\u00f1os tras el hurac\u00e1n Otis, estar\u00e1 listo para el evento. El Abierto Mexicano de Tenis confirm\u00f3 este jueves su sede en el puerto de Acapulco, Guerrero, y le abri\u00f3 las puertas al espa\u00f1ol Rafael Nadal, que tendr\u00e1 un lugar en el cuadro [&hellip;]<\/p>\n","protected":false},"author":1,"featured_media":43601,"comment_status":"closed","ping_status":"closed","sticky":false,"template":"","format":"standard","meta":{"footnotes":""},"categories":[38],"tags":[],"class_list":["post-43600","post","type-post","status-publish","format-standard","has-post-thumbnail","hentry","category-deportes"],"_links":{"self":[{"href":"https:\/\/elinformante.mx\/index.php?rest_route=\/wp\/v2\/posts\/43600","targetHints":{"allow":["GET"]}}],"collection":[{"href":"https:\/\/elinformante.mx\/index.php?rest_route=\/wp\/v2\/posts"}],"about":[{"href":"https:\/\/elinformante.mx\/index.php?rest_route=\/wp\/v2\/types\/post"}],"author":[{"embeddable":true,"href":"https:\/\/elinformante.mx\/index.php?rest_route=\/wp\/v2\/users\/1"}],"replies":[{"embeddable":true,"href":"https:\/\/elinformante.mx\/index.php?rest_route=%2Fwp%2Fv2%2Fcomments&post=43600"}],"version-history":[{"count":0,"href":"https:\/\/elinformante.mx\/index.php?rest_route=\/wp\/v2\/posts\/43600\/revisions"}],"wp:featuredmedia":[{"embeddable":true,"href":"https:\/\/elinformante.mx\/index.php?rest_route=\/wp\/v2\/media\/43601"}],"wp:attachment":[{"href":"https:\/\/elinformante.mx\/index.php?rest_route=%2Fwp%2Fv2%2Fmedia&parent=43600"}],"wp:term":[{"taxonomy":"category","embeddable":true,"href":"https:\/\/elinformante.mx\/index.php?rest_route=%2Fwp%2Fv2%2Fcategories&post=43600"},{"taxonomy":"post_tag","embeddable":true,"href":"https:\/\/elinformante.mx\/index.php?rest_route=%2Fwp%2Fv2%2Ftags&post=43600"}],"curies":[{"name":"wp","href":"https:\/\/api.w.org\/{rel}","templated":true}]}}