{"id":43622,"date":"2023-12-15T04:32:23","date_gmt":"2023-12-15T10:32:23","guid":{"rendered":"https:\/\/elinformante.mx\/?p=43622"},"modified":"2023-12-15T04:32:24","modified_gmt":"2023-12-15T10:32:24","slug":"celebra-dif-zinacantepec-exitosa-posada-llena-de-alegria-y-solidaridad-para-familias-del-municipio","status":"publish","type":"post","link":"https:\/\/elinformante.mx\/?p=43622","title":{"rendered":"Celebra DIF Zinacantepec exitosa posada llena de alegr\u00eda y solidaridad para familias del municipio"},"content":{"rendered":"\n<blockquote class=\"wp-block-quote is-layout-flow wp-block-quote-is-layout-flow\">\n<p>La celebraci\u00f3n ofreci\u00f3 una amplia gama de actividades para disfrutar.<\/p>\n<\/blockquote>\n\n\n\n<p>En una tarde repleta de sonrisas y emociones, m\u00e1s de 400 ni\u00f1os y ni\u00f1as, en compa\u00f1\u00eda de sus padres, fueron part\u00edcipes de la inolvidable \u201cPosada DIF\u201d en Zinacantepec, el evento, encabezado por Jessica R\u00edos Lara, Presidenta Honor\u00edfica del Sistema Municipal DIF, se convirti\u00f3 en una experiencia m\u00e1gica gracias a la presencia especial de los queridos Reyes Magos, quienes colmaron de felicidad a los peque\u00f1os presentes.<br><\/p>\n\n\n\n<p>La celebraci\u00f3n, que tuvo lugar en un ambiente festivo y acogedor, ofreci\u00f3 una amplia gama de actividades para disfrutar. Los asistentes disfrutaron de juegos, comida y contagiosos ritmos musicales. La tradici\u00f3n de romper las pi\u00f1atas y el canto de villancicos en la posada a\u00f1adieron un toque de tradici\u00f3n y diversi\u00f3n para todos.<br><\/p>\n\n\n\n<p>\u201cEs un honor para m\u00ed dirigir un evento tan especial que une a nuestra comunidad en esta temporada festiva. Ver la alegr\u00eda en los rostros de los ni\u00f1os es realmente conmovedor\u201d, expres\u00f3 Jessica R\u00edos Lara, agradeciendo el apoyo y compromiso del equipo del DIF Zinacantepec.<br><\/p>\n\n\n\n<figure class=\"wp-block-image size-large\"><img fetchpriority=\"high\" decoding=\"async\" width=\"1024\" height=\"503\" src=\"https:\/\/elinformante.mx\/wp-content\/uploads\/2023\/12\/celebra-dif-1024x503.jpg\" alt=\"\" class=\"wp-image-43624\" srcset=\"https:\/\/elinformante.mx\/wp-content\/uploads\/2023\/12\/celebra-dif-1024x503.jpg 1024w, https:\/\/elinformante.mx\/wp-content\/uploads\/2023\/12\/celebra-dif-300x147.jpg 300w, https:\/\/elinformante.mx\/wp-content\/uploads\/2023\/12\/celebra-dif-768x377.jpg 768w, https:\/\/elinformante.mx\/wp-content\/uploads\/2023\/12\/celebra-dif-580x285.jpg 580w, https:\/\/elinformante.mx\/wp-content\/uploads\/2023\/12\/celebra-dif-860x422.jpg 860w, https:\/\/elinformante.mx\/wp-content\/uploads\/2023\/12\/celebra-dif.jpg 1140w\" sizes=\"(max-width: 1024px) 100vw, 1024px\" \/><\/figure>\n\n\n\n<p>La generosidad de la ocasi\u00f3n se extendi\u00f3 m\u00e1s all\u00e1 de la diversi\u00f3n, ya que cada ni\u00f1o se llev\u00f3 consigo un juguete, dulces y una cobija para abrigarse en estos d\u00edas de invierno.<br><\/p>\n\n\n\n<p>Este emotivo encuentro fue posible gracias al esfuerzo y dedicaci\u00f3n del equipo del DIF, as\u00ed como al respaldo incondicional del Presidente Municipal, Manuel Vilchis Viveros, cuya labor diaria busca fortalecer el bienestar de las familias en Zinacantepec.<br><\/p>\n\n\n\n<p>La \u201cPosada DIF\u201d no solo fue un evento festivo, sino un testimonio vivo del esp\u00edritu solidario y compromiso comunitario que caracteriza a Zinacantepec en esta temporada navide\u00f1a.<\/p>\n","protected":false},"excerpt":{"rendered":"<p>La celebraci\u00f3n ofreci\u00f3 una amplia gama de actividades para disfrutar. En una tarde repleta de sonrisas y emociones, m\u00e1s de 400 ni\u00f1os y ni\u00f1as, en compa\u00f1\u00eda de sus padres, fueron part\u00edcipes de la inolvidable \u201cPosada DIF\u201d en Zinacantepec, el evento, encabezado por Jessica R\u00edos Lara, Presidenta Honor\u00edfica del Sistema Municipal DIF, se convirti\u00f3 en una [&hellip;]<\/p>\n","protected":false},"author":1,"featured_media":43623,"comment_status":"closed","ping_status":"closed","sticky":false,"template":"","format":"standard","meta":{"footnotes":""},"categories":[36],"tags":[],"class_list":["post-43622","post","type-post","status-publish","format-standard","has-post-thumbnail","hentry","category-edomex"],"_links":{"self":[{"href":"https:\/\/elinformante.mx\/index.php?rest_route=\/wp\/v2\/posts\/43622","targetHints":{"allow":["GET"]}}],"collection":[{"href":"https:\/\/elinformante.mx\/index.php?rest_route=\/wp\/v2\/posts"}],"about":[{"href":"https:\/\/elinformante.mx\/index.php?rest_route=\/wp\/v2\/types\/post"}],"author":[{"embeddable":true,"href":"https:\/\/elinformante.mx\/index.php?rest_route=\/wp\/v2\/users\/1"}],"replies":[{"embeddable":true,"href":"https:\/\/elinformante.mx\/index.php?rest_route=%2Fwp%2Fv2%2Fcomments&post=43622"}],"version-history":[{"count":0,"href":"https:\/\/elinformante.mx\/index.php?rest_route=\/wp\/v2\/posts\/43622\/revisions"}],"wp:featuredmedia":[{"embeddable":true,"href":"https:\/\/elinformante.mx\/index.php?rest_route=\/wp\/v2\/media\/43623"}],"wp:attachment":[{"href":"https:\/\/elinformante.mx\/index.php?rest_route=%2Fwp%2Fv2%2Fmedia&parent=43622"}],"wp:term":[{"taxonomy":"category","embeddable":true,"href":"https:\/\/elinformante.mx\/index.php?rest_route=%2Fwp%2Fv2%2Fcategories&post=43622"},{"taxonomy":"post_tag","embeddable":true,"href":"https:\/\/elinformante.mx\/index.php?rest_route=%2Fwp%2Fv2%2Ftags&post=43622"}],"curies":[{"name":"wp","href":"https:\/\/api.w.org\/{rel}","templated":true}]}}