{"id":43626,"date":"2023-12-15T04:36:16","date_gmt":"2023-12-15T10:36:16","guid":{"rendered":"https:\/\/elinformante.mx\/?p=43626"},"modified":"2023-12-15T04:36:17","modified_gmt":"2023-12-15T10:36:17","slug":"zinacantepec-recibe-reconocimiento-nacional-por-las-buenas-practicas-municipales-2023","status":"publish","type":"post","link":"https:\/\/elinformante.mx\/?p=43626","title":{"rendered":"Zinacantepec recibe reconocimiento nacional por las buenas pr\u00e1cticas municipales 2023"},"content":{"rendered":"\n<blockquote class=\"wp-block-quote is-layout-flow wp-block-quote-is-layout-flow\">\n<p>Reconocimiento de la Gu\u00eda Consultiva de Desempe\u00f1o Municipal y Buenas Pr\u00e1cticas Municipales 2023 por parte del INAFED.<\/p>\n<\/blockquote>\n\n\n\n<p>El Ayuntamiento de Zinacantepec, es uno de los 14 municipios a nivel nacional y el \u00fanico a nivel estatal, que recibi\u00f3 el reconocimiento por parte la Secretar\u00eda de Gobernaci\u00f3n, a trav\u00e9s del Instituto Nacional para el Federalismo y el Desarrollo Municipal (INAFED), que otorga a las buenas pr\u00e1cticas municipales 2023.<br><\/p>\n\n\n\n<p>El Proyecto que implement\u00f3 la Administraci\u00f3n 2022-2024 que encabeza Manuel Vilchis Viveros, fue el denominado \u201cRed de Protecci\u00f3n Educativa y Asistencial para la Prevenci\u00f3n del Trabajo Infantil\u201d, el Comit\u00e9 de Evaluaci\u00f3n lo determino como una de las mejores pr\u00e1cticas municipales de la Gu\u00eda Consultiva del Desempe\u00f1o Municipal 2023 a nivel nacional, orientada a fortalecer la Gesti\u00f3n y Desempe\u00f1o de las Administraciones P\u00fablicas de los municipios de M\u00e9xico, el reconocimiento lo sign\u00f3 el Coordinador del INAFED Ignacio Ovalle Fern\u00e1ndez.<br><\/p>\n\n\n\n<p>El presidente municipal, Manuel Vilchis Viveros, asever\u00f3 \u201c(\u2026)Con este reconocimiento, se sienta un precedente para Zinacantepec, dado que de los 125 municipios mexiquenses, solamente nuestro municipio cumpli\u00f3 con los est\u00e1ndares para calificar a nivel nacional, siendo el \u00fanico municipio del Estado de M\u00e9xico con dicha distinci\u00f3n, este no es un premio comprado, es un galard\u00f3n que otorga el gobierno federal\u201d.<br><\/p>\n\n\n\n<figure class=\"wp-block-image size-large\"><img fetchpriority=\"high\" decoding=\"async\" width=\"1024\" height=\"503\" src=\"https:\/\/elinformante.mx\/wp-content\/uploads\/2023\/12\/zinacantepec-2-1-1024x503.jpg\" alt=\"\" class=\"wp-image-43628\" srcset=\"https:\/\/elinformante.mx\/wp-content\/uploads\/2023\/12\/zinacantepec-2-1-1024x503.jpg 1024w, https:\/\/elinformante.mx\/wp-content\/uploads\/2023\/12\/zinacantepec-2-1-300x147.jpg 300w, https:\/\/elinformante.mx\/wp-content\/uploads\/2023\/12\/zinacantepec-2-1-768x377.jpg 768w, https:\/\/elinformante.mx\/wp-content\/uploads\/2023\/12\/zinacantepec-2-1-580x285.jpg 580w, https:\/\/elinformante.mx\/wp-content\/uploads\/2023\/12\/zinacantepec-2-1-860x422.jpg 860w, https:\/\/elinformante.mx\/wp-content\/uploads\/2023\/12\/zinacantepec-2-1.jpg 1140w\" sizes=\"(max-width: 1024px) 100vw, 1024px\" \/><\/figure>\n\n\n\n<p>En Zinacantepec se retom\u00f3 el Modelo de Identificaci\u00f3n de Riesgo en el Trabajo, para detectar dicha pr\u00e1ctica en menores, se realiz\u00f3 un diagn\u00f3stico exhaustivo, que permiti\u00f3 detectar algunas problem\u00e1ticas, para dar soluci\u00f3n se implementaron dos acciones; pl\u00e1ticas de concientizaci\u00f3n con padres de familia, ni\u00f1as y ni\u00f1os, sobre las consecuencias f\u00edsicas, emocionales y psicol\u00f3gicas que puede provocar el trabajo infantil, adicionalmente se efectu\u00f3 el programa de becas \u201cUnidos para Servir\u201d, que han permitido inhibir el trabajo infantil.<br><\/p>\n\n\n\n<p>Otro m\u00e9rito fue la evaluaci\u00f3n del impacto que generaron estas pol\u00edticas p\u00fablicas, a trav\u00e9s de una consulta en cada beneficiado, donde se comprob\u00f3 la disminuci\u00f3n en el ausentismo escolar de los infantes, mayor entusiasmo y energ\u00eda para las actividades escolares, familiares y recreativas.<br><\/p>\n\n\n\n<p>El alcalde asegur\u00f3 que esto se logr\u00f3 gracias al trabajo en equipo, donde predomina la estabilidad de la administraci\u00f3n y con ello se alcanzan m\u00e1s r\u00e1pido las metas que se fijaron al inicio de la administraci\u00f3n, \u201c(\u2026)Hoy Zinacantepec puede competir con los dos mil 467 municipio en el pa\u00eds en este rubro, acci\u00f3n que ninguna administraci\u00f3n hab\u00eda hecho antes.\u201d<\/p>\n","protected":false},"excerpt":{"rendered":"<p>Reconocimiento de la Gu\u00eda Consultiva de Desempe\u00f1o Municipal y Buenas Pr\u00e1cticas Municipales 2023 por parte del INAFED. El Ayuntamiento de Zinacantepec, es uno de los 14 municipios a nivel nacional y el \u00fanico a nivel estatal, que recibi\u00f3 el reconocimiento por parte la Secretar\u00eda de Gobernaci\u00f3n, a trav\u00e9s del Instituto Nacional para el Federalismo y [&hellip;]<\/p>\n","protected":false},"author":1,"featured_media":43627,"comment_status":"closed","ping_status":"closed","sticky":false,"template":"","format":"standard","meta":{"footnotes":""},"categories":[30,36],"tags":[],"class_list":["post-43626","post","type-post","status-publish","format-standard","has-post-thumbnail","hentry","category-destacado","category-edomex"],"_links":{"self":[{"href":"https:\/\/elinformante.mx\/index.php?rest_route=\/wp\/v2\/posts\/43626","targetHints":{"allow":["GET"]}}],"collection":[{"href":"https:\/\/elinformante.mx\/index.php?rest_route=\/wp\/v2\/posts"}],"about":[{"href":"https:\/\/elinformante.mx\/index.php?rest_route=\/wp\/v2\/types\/post"}],"author":[{"embeddable":true,"href":"https:\/\/elinformante.mx\/index.php?rest_route=\/wp\/v2\/users\/1"}],"replies":[{"embeddable":true,"href":"https:\/\/elinformante.mx\/index.php?rest_route=%2Fwp%2Fv2%2Fcomments&post=43626"}],"version-history":[{"count":0,"href":"https:\/\/elinformante.mx\/index.php?rest_route=\/wp\/v2\/posts\/43626\/revisions"}],"wp:featuredmedia":[{"embeddable":true,"href":"https:\/\/elinformante.mx\/index.php?rest_route=\/wp\/v2\/media\/43627"}],"wp:attachment":[{"href":"https:\/\/elinformante.mx\/index.php?rest_route=%2Fwp%2Fv2%2Fmedia&parent=43626"}],"wp:term":[{"taxonomy":"category","embeddable":true,"href":"https:\/\/elinformante.mx\/index.php?rest_route=%2Fwp%2Fv2%2Fcategories&post=43626"},{"taxonomy":"post_tag","embeddable":true,"href":"https:\/\/elinformante.mx\/index.php?rest_route=%2Fwp%2Fv2%2Ftags&post=43626"}],"curies":[{"name":"wp","href":"https:\/\/api.w.org\/{rel}","templated":true}]}}