{"id":43630,"date":"2023-12-15T04:43:56","date_gmt":"2023-12-15T10:43:56","guid":{"rendered":"https:\/\/elinformante.mx\/?p=43630"},"modified":"2023-12-15T04:43:57","modified_gmt":"2023-12-15T10:43:57","slug":"firmara-ieem-convenio-con-talleres-graficos-de-mexico-para-impresion-de-materiales-electorales","status":"publish","type":"post","link":"https:\/\/elinformante.mx\/?p=43630","title":{"rendered":"Firmar\u00e1 IEEM convenio con Talleres Gr\u00e1ficos de M\u00e9xico para impresi\u00f3n de materiales electorales"},"content":{"rendered":"\n<blockquote class=\"wp-block-quote is-layout-flow wp-block-quote-is-layout-flow\">\n<p>Talleres Gr\u00e1ficos de M\u00e9xico es un \u00f3rgano p\u00fablico descentralizado que realiza operaciones comerciales principalmente con Entidades y Organismos P\u00fablicos.<\/p>\n<\/blockquote>\n\n\n\n<p>El Instituto Electoral del Estado de M\u00e9xico (IEEM) celebrar\u00e1 un Convenio Espec\u00edfico con Talleres Gr\u00e1ficos de M\u00e9xico para la adquisici\u00f3n de materiales electorales que ser\u00e1n utilizados en la Elecci\u00f3n de Diputaciones Locales y Ayuntamientos 2024, luego de que el Consejo General aprob\u00f3 el Acuerdo correspondiente.<br><\/p>\n\n\n\n<p>Ello, despu\u00e9s de que en la vigesimonovena Sesi\u00f3n Extraordinaria del Consejo General, las y el Consejero Electorales, por unanimidad, aprobaron que se suscriba el referido instrumento. Con este hecho, el IEEM aprovechar\u00e1 \u2013por extensi\u00f3n\u2013 los beneficios acordados previamente entre el INE y Talleres Gr\u00e1ficos, en cuanto a precio, calidad y eficacia en el servicio para la elaboraci\u00f3n de urnas, cajas\u2013paquete, bases porta urna, entre otros materiales requeridos para el proceso electoral venidero.<br><\/p>\n\n\n\n<p>Cabe destacar que Talleres Gr\u00e1ficos de M\u00e9xico es una empresa productiva del sector p\u00fablico que cuenta con las capacidades jur\u00eddicas, financieras, administrativas y t\u00e9cnicas operativas para el cumplimiento del servicio.<br><\/p>\n\n\n\n<p>Las Consejeras Electorales Laura Daniella Dur\u00e1n Ceja y Sandra L\u00f3pez Bringas anunciaron la emisi\u00f3n de votos concurrentes.<br><\/p>\n\n\n\n<p>En otro punto del orden del d\u00eda, las y el Consejero Electorales avalaron los Formatos \u00danicos de la Documentaci\u00f3n Electoral, con y sin emblemas para el proceso electoral que iniciar\u00e1 en enero del pr\u00f3ximo a\u00f1o, entre los que se encuentran las boletas electorales y las actas de jornada electoral y de escrutinio y c\u00f3mputo.<br><\/p>\n\n\n\n<p>Tambi\u00e9n fue avalado por el Consejo General el modelo del sobre-voto que integrar\u00e1 el paquete electoral postal del Voto de Mexiquenses que Radiquen en el Extranjero a Diputaciones Locales por el principio de Representaci\u00f3n Proporcional.<br><\/p>\n\n\n\n<p>Las y los mexiquenses que voten desde el exterior y opten por la modalidad postal depositar\u00e1n su sufragio dentro del sobre y, mediante esta v\u00eda, lo devolver\u00e1n a M\u00e9xico para que sea contabilizado.<\/p>\n","protected":false},"excerpt":{"rendered":"<p>Talleres Gr\u00e1ficos de M\u00e9xico es un \u00f3rgano p\u00fablico descentralizado que realiza operaciones comerciales principalmente con Entidades y Organismos P\u00fablicos. El Instituto Electoral del Estado de M\u00e9xico (IEEM) celebrar\u00e1 un Convenio Espec\u00edfico con Talleres Gr\u00e1ficos de M\u00e9xico para la adquisici\u00f3n de materiales electorales que ser\u00e1n utilizados en la Elecci\u00f3n de Diputaciones Locales y Ayuntamientos 2024, luego [&hellip;]<\/p>\n","protected":false},"author":1,"featured_media":43631,"comment_status":"closed","ping_status":"closed","sticky":false,"template":"","format":"standard","meta":{"footnotes":""},"categories":[36],"tags":[],"class_list":["post-43630","post","type-post","status-publish","format-standard","has-post-thumbnail","hentry","category-edomex"],"_links":{"self":[{"href":"https:\/\/elinformante.mx\/index.php?rest_route=\/wp\/v2\/posts\/43630","targetHints":{"allow":["GET"]}}],"collection":[{"href":"https:\/\/elinformante.mx\/index.php?rest_route=\/wp\/v2\/posts"}],"about":[{"href":"https:\/\/elinformante.mx\/index.php?rest_route=\/wp\/v2\/types\/post"}],"author":[{"embeddable":true,"href":"https:\/\/elinformante.mx\/index.php?rest_route=\/wp\/v2\/users\/1"}],"replies":[{"embeddable":true,"href":"https:\/\/elinformante.mx\/index.php?rest_route=%2Fwp%2Fv2%2Fcomments&post=43630"}],"version-history":[{"count":0,"href":"https:\/\/elinformante.mx\/index.php?rest_route=\/wp\/v2\/posts\/43630\/revisions"}],"wp:featuredmedia":[{"embeddable":true,"href":"https:\/\/elinformante.mx\/index.php?rest_route=\/wp\/v2\/media\/43631"}],"wp:attachment":[{"href":"https:\/\/elinformante.mx\/index.php?rest_route=%2Fwp%2Fv2%2Fmedia&parent=43630"}],"wp:term":[{"taxonomy":"category","embeddable":true,"href":"https:\/\/elinformante.mx\/index.php?rest_route=%2Fwp%2Fv2%2Fcategories&post=43630"},{"taxonomy":"post_tag","embeddable":true,"href":"https:\/\/elinformante.mx\/index.php?rest_route=%2Fwp%2Fv2%2Ftags&post=43630"}],"curies":[{"name":"wp","href":"https:\/\/api.w.org\/{rel}","templated":true}]}}