{"id":43637,"date":"2023-12-15T04:47:36","date_gmt":"2023-12-15T10:47:36","guid":{"rendered":"https:\/\/elinformante.mx\/?p=43637"},"modified":"2023-12-15T04:47:37","modified_gmt":"2023-12-15T10:47:37","slug":"libros-de-texto-gratuitos-fortalecen-la-escuela-publica-leticia-ramirez-amaya","status":"publish","type":"post","link":"https:\/\/elinformante.mx\/?p=43637","title":{"rendered":"Libros de Texto Gratuitos fortalecen la escuela p\u00fablica: Leticia Ram\u00edrez Amaya"},"content":{"rendered":"\n<blockquote class=\"wp-block-quote is-layout-flow wp-block-quote-is-layout-flow\">\n<p>La titular de la SEP y gobernadora del Estado de M\u00e9xico inauguran LIX Reuni\u00f3n Nacional Plenaria del Consejo Nacional de Autoridades Educativas<\/p>\n<\/blockquote>\n\n\n\n<p>Los nuevos Libros de Texto Gratuitos (LTG) fortalecen la escuela p\u00fablica; dejan atr\u00e1s el individualismo y el conocimiento memor\u00edstico; promueven la solidaridad, la honestidad, el respeto y la vinculaci\u00f3n con la comunidad, e impulsan la igualdad de g\u00e9nero, la diversidad y la capacidad cr\u00edtica para resolver problemas, se\u00f1al\u00f3 la secretaria de Educaci\u00f3n P\u00fablica, Leticia Ram\u00edrez Amaya.<br><\/p>\n\n\n\n<p>Durante la inauguraci\u00f3n de la LIX Reuni\u00f3n Nacional Plenaria del Consejo Nacional de Autoridades Educativas (Conaedu), y acompa\u00f1ada por la gobernadora del Estado de M\u00e9xico, Delfina G\u00f3mez \u00c1lvarez, se\u00f1al\u00f3 que el cambio de paradigma en el Sistema Educativo Nacional es una transformaci\u00f3n de fondo que incorpora campos formativos; ejes articuladores; el codise\u00f1o; la evaluaci\u00f3n formativa y, particularmente, el aprendizaje por proyectos que plantean los nuevos LTG.<br><\/p>\n\n\n\n<p>Record\u00f3 que, en Educaci\u00f3n Media Superior, donde hist\u00f3ricamente ocurr\u00eda el mayor abandono escolar, el Gobierno de M\u00e9xico apoya a las y los j\u00f3venes con una beca universal para que contin\u00faen y concluyan su trayecto educativo e ingresen al nivel Superior.<br><\/p>\n\n\n\n<p>En presencia de las y los titulares y representantes de Educaci\u00f3n de 31 entidades, inform\u00f3 que en el ciclo escolar anterior se alcanz\u00f3 el m\u00e1ximo hist\u00f3rico en ingreso a programas de licenciatura, 89 de cada 100 egresados de bachillerato se incorporaron a una instituci\u00f3n de Educaci\u00f3n Superior.<br><\/p>\n\n\n\n<p>Asimismo, indic\u00f3 que de cada 100 estudiantes que ingresan a la Educaci\u00f3n B\u00e1sica, 84 acceden a Media Superior, diferente a lo que suced\u00eda hace cinco a\u00f1os, cuando s\u00f3lo llegaban 66 j\u00f3venes.<br><\/p>\n\n\n\n<figure class=\"wp-block-image size-large\"><img fetchpriority=\"high\" decoding=\"async\" width=\"1024\" height=\"503\" src=\"https:\/\/elinformante.mx\/wp-content\/uploads\/2023\/12\/libros-de-1024x503.jpg\" alt=\"\" class=\"wp-image-43639\" srcset=\"https:\/\/elinformante.mx\/wp-content\/uploads\/2023\/12\/libros-de-1024x503.jpg 1024w, https:\/\/elinformante.mx\/wp-content\/uploads\/2023\/12\/libros-de-300x147.jpg 300w, https:\/\/elinformante.mx\/wp-content\/uploads\/2023\/12\/libros-de-768x377.jpg 768w, https:\/\/elinformante.mx\/wp-content\/uploads\/2023\/12\/libros-de-580x285.jpg 580w, https:\/\/elinformante.mx\/wp-content\/uploads\/2023\/12\/libros-de-860x422.jpg 860w, https:\/\/elinformante.mx\/wp-content\/uploads\/2023\/12\/libros-de.jpg 1140w\" sizes=\"(max-width: 1024px) 100vw, 1024px\" \/><\/figure>\n\n\n\n<p>La titular de Educaci\u00f3n destac\u00f3 que, en programas de formaci\u00f3n profesional y posgrado se alcanz\u00f3 un crecimiento sostenido de la matr\u00edcula total en los \u00faltimos cinco a\u00f1os, con m\u00e1s de 487 mil estudiantes que representa 10.4 por ciento de incremento.<br><\/p>\n\n\n\n<p>La gobernadora del Estado de M\u00e9xico, Delfina G\u00f3mez \u00c1lvarez, destac\u00f3 que el Conaedu permitir\u00e1 analizar temas relevantes que inciden directamente en la labor educativa, pero sobre todo la vocaci\u00f3n por mejorar el servicio educativo.<br><\/p>\n\n\n\n<p>\u201cComo gobernadora del Estado de M\u00e9xico, y m\u00e1s a\u00fan como maestra de vocaci\u00f3n, entiendo que cada decisi\u00f3n que se toma en este consejo tiene la capacidad de transformar la vida de muchos ni\u00f1os, ni\u00f1as, j\u00f3venes y adolescentes, reconstruir sue\u00f1os y solidificar el cimiento sobre el cual nuestra sociedad puede crecer y puede prosperar.\u201d<br><\/p>\n\n\n\n<p>Destac\u00f3 los temas que abordar\u00e1n en esta reuni\u00f3n desde el fortalecimiento curricular hasta la prevenci\u00f3n de adicciones; todo con la finalidad de construir un sistema educativo robusto y resiliente, para dar respuesta a las necesidades actuales y futuras de las y los estudiantes, como es la lucha contra el acoso escolar, brindar educaci\u00f3n de calidad para expandir el acceso a una educaci\u00f3n de calidad que sea el motor de la paz social y el crecimiento econ\u00f3mico.<br><\/p>\n\n\n\n<p>Reconoci\u00f3 la labor de los maestros por lo que el Estado de M\u00e9xico se suma a los esfuerzos que lleva a cabo el Gobierno de M\u00e9xico en este aspecto, mediante el impulso de programas como La Escuela es Nuestra y la basificaci\u00f3n de docentes que brinda justicia profesional.<\/p>\n","protected":false},"excerpt":{"rendered":"<p>La titular de la SEP y gobernadora del Estado de M\u00e9xico inauguran LIX Reuni\u00f3n Nacional Plenaria del Consejo Nacional de Autoridades Educativas Los nuevos Libros de Texto Gratuitos (LTG) fortalecen la escuela p\u00fablica; dejan atr\u00e1s el individualismo y el conocimiento memor\u00edstico; promueven la solidaridad, la honestidad, el respeto y la vinculaci\u00f3n con la comunidad, e [&hellip;]<\/p>\n","protected":false},"author":1,"featured_media":43638,"comment_status":"closed","ping_status":"closed","sticky":false,"template":"","format":"standard","meta":{"footnotes":""},"categories":[36],"tags":[],"class_list":["post-43637","post","type-post","status-publish","format-standard","has-post-thumbnail","hentry","category-edomex"],"_links":{"self":[{"href":"https:\/\/elinformante.mx\/index.php?rest_route=\/wp\/v2\/posts\/43637","targetHints":{"allow":["GET"]}}],"collection":[{"href":"https:\/\/elinformante.mx\/index.php?rest_route=\/wp\/v2\/posts"}],"about":[{"href":"https:\/\/elinformante.mx\/index.php?rest_route=\/wp\/v2\/types\/post"}],"author":[{"embeddable":true,"href":"https:\/\/elinformante.mx\/index.php?rest_route=\/wp\/v2\/users\/1"}],"replies":[{"embeddable":true,"href":"https:\/\/elinformante.mx\/index.php?rest_route=%2Fwp%2Fv2%2Fcomments&post=43637"}],"version-history":[{"count":0,"href":"https:\/\/elinformante.mx\/index.php?rest_route=\/wp\/v2\/posts\/43637\/revisions"}],"wp:featuredmedia":[{"embeddable":true,"href":"https:\/\/elinformante.mx\/index.php?rest_route=\/wp\/v2\/media\/43638"}],"wp:attachment":[{"href":"https:\/\/elinformante.mx\/index.php?rest_route=%2Fwp%2Fv2%2Fmedia&parent=43637"}],"wp:term":[{"taxonomy":"category","embeddable":true,"href":"https:\/\/elinformante.mx\/index.php?rest_route=%2Fwp%2Fv2%2Fcategories&post=43637"},{"taxonomy":"post_tag","embeddable":true,"href":"https:\/\/elinformante.mx\/index.php?rest_route=%2Fwp%2Fv2%2Ftags&post=43637"}],"curies":[{"name":"wp","href":"https:\/\/api.w.org\/{rel}","templated":true}]}}