{"id":43641,"date":"2023-12-15T04:50:21","date_gmt":"2023-12-15T10:50:21","guid":{"rendered":"https:\/\/elinformante.mx\/?p=43641"},"modified":"2023-12-15T04:50:22","modified_gmt":"2023-12-15T10:50:22","slug":"lleva-delfina-gomez-apoyo-a-los-habitantes-de-texcapilla","status":"publish","type":"post","link":"https:\/\/elinformante.mx\/?p=43641","title":{"rendered":"Lleva Delfina G\u00f3mez apoyo a los habitantes de Texcapilla"},"content":{"rendered":"\n<blockquote class=\"wp-block-quote is-layout-flow wp-block-quote-is-layout-flow\">\n<p>La gobernadora, al ser cuestionada, dijo que hay \u201cdesaparecidos\u201d no secuestrados, lo que refuerza el dicho de los ejidatarios: se los llevaron.<\/p>\n<\/blockquote>\n\n\n\n<p>Este jueves el gobierno estatal entreg\u00f3 despensas a decenas de pobladores de la comunidad de Texcapilla, en Texcaltitl\u00e1n, donde hace casi una semana ocurri\u00f3 un enfrentamiento entre los vecinos y una c\u00e9lula del grupo criminal denominado la Familia Michoacana.<br><\/p>\n\n\n\n<p>La gobernadora Delfina G\u00f3mez \u00c1lvarez acudi\u00f3 en compa\u00f1\u00eda del secretario General de Gobierno, Horacio Duarte y del Secretario de Seguridad, Andr\u00e9s Andrade\u00a0T\u00e9llez<br><\/p>\n\n\n\n<figure class=\"wp-block-image size-large\"><img fetchpriority=\"high\" decoding=\"async\" width=\"1024\" height=\"503\" src=\"https:\/\/elinformante.mx\/wp-content\/uploads\/2023\/12\/lleva-delfina-5-1024x503.jpg\" alt=\"\" class=\"wp-image-43643\" srcset=\"https:\/\/elinformante.mx\/wp-content\/uploads\/2023\/12\/lleva-delfina-5-1024x503.jpg 1024w, https:\/\/elinformante.mx\/wp-content\/uploads\/2023\/12\/lleva-delfina-5-300x147.jpg 300w, https:\/\/elinformante.mx\/wp-content\/uploads\/2023\/12\/lleva-delfina-5-768x377.jpg 768w, https:\/\/elinformante.mx\/wp-content\/uploads\/2023\/12\/lleva-delfina-5-580x285.jpg 580w, https:\/\/elinformante.mx\/wp-content\/uploads\/2023\/12\/lleva-delfina-5-860x422.jpg 860w, https:\/\/elinformante.mx\/wp-content\/uploads\/2023\/12\/lleva-delfina-5.jpg 1140w\" sizes=\"(max-width: 1024px) 100vw, 1024px\" \/><\/figure>\n\n\n\n<p>La mandataria anunci\u00f3 que estos apoyos se estar\u00e1n dando cada mes a los habitantes de Texcapilla, quienes en el centro de la comunidad formaron tres filas, una de hombres, otra de mujeres y una m\u00e1s de adultos mayores, para recibir los apoyos, toda vez que la mayor\u00eda de las actividades econ\u00f3micas fueron detenidas tras el enfrentamiento.<br><\/p>\n\n\n\n<p>La gobernadora, quien tambi\u00e9n en d\u00edas pasados fue a dicha poblaci\u00f3n para escuchar las inquietudes de los pobladores que se dijeron temerosos de posibles represalias por parte de la delincuencia organizada.<br><\/p>\n\n\n\n<figure class=\"wp-block-image size-large\"><img decoding=\"async\" width=\"1024\" height=\"503\" src=\"https:\/\/elinformante.mx\/wp-content\/uploads\/2023\/12\/lleva-delfina-6-1024x503.jpg\" alt=\"\" class=\"wp-image-43644\" srcset=\"https:\/\/elinformante.mx\/wp-content\/uploads\/2023\/12\/lleva-delfina-6-1024x503.jpg 1024w, https:\/\/elinformante.mx\/wp-content\/uploads\/2023\/12\/lleva-delfina-6-300x147.jpg 300w, https:\/\/elinformante.mx\/wp-content\/uploads\/2023\/12\/lleva-delfina-6-768x377.jpg 768w, https:\/\/elinformante.mx\/wp-content\/uploads\/2023\/12\/lleva-delfina-6-580x285.jpg 580w, https:\/\/elinformante.mx\/wp-content\/uploads\/2023\/12\/lleva-delfina-6-860x422.jpg 860w, https:\/\/elinformante.mx\/wp-content\/uploads\/2023\/12\/lleva-delfina-6.jpg 1140w\" sizes=\"(max-width: 1024px) 100vw, 1024px\" \/><\/figure>\n\n\n\n<p>G\u00f3mez \u00c1lvarez ofreci\u00f3 que los gobiernos estatal y federal dar\u00e1n seguridad a la comunidad de Texcapilla, mientras el gobierno federal anunci\u00f3 que instalar\u00e1n una compa\u00f1\u00eda de la Guardia Nacional con 120 elementos y un helipuerto y habr\u00e1 una fuerte presencia policiaca que se incrementar\u00e1 paulatinamente.<br><\/p>\n\n\n\n<p>Adem\u00e1s hizo un reconocimiento a los elementos de la Secretar\u00eda de la Defensa Nacional y de la Guardia Nacional por la labor que han desplegado en la zona, y anunci\u00f3 que los secretarios que conforman el gabinete estar\u00e1n acudiendo en forma peri\u00f3dica.<br><\/p>\n\n\n\n<figure class=\"wp-block-image size-large\"><img decoding=\"async\" width=\"1024\" height=\"503\" src=\"https:\/\/elinformante.mx\/wp-content\/uploads\/2023\/12\/lleva-delfina-8-1024x503.jpg\" alt=\"\" class=\"wp-image-43645\" srcset=\"https:\/\/elinformante.mx\/wp-content\/uploads\/2023\/12\/lleva-delfina-8-1024x503.jpg 1024w, https:\/\/elinformante.mx\/wp-content\/uploads\/2023\/12\/lleva-delfina-8-300x147.jpg 300w, https:\/\/elinformante.mx\/wp-content\/uploads\/2023\/12\/lleva-delfina-8-768x377.jpg 768w, https:\/\/elinformante.mx\/wp-content\/uploads\/2023\/12\/lleva-delfina-8-580x285.jpg 580w, https:\/\/elinformante.mx\/wp-content\/uploads\/2023\/12\/lleva-delfina-8-860x422.jpg 860w, https:\/\/elinformante.mx\/wp-content\/uploads\/2023\/12\/lleva-delfina-8.jpg 1140w\" sizes=\"(max-width: 1024px) 100vw, 1024px\" \/><\/figure>\n\n\n\n<p>Ante la pregunta de los medios de comunicaci\u00f3n sobre presuntos secuestrados, la gobernadora fue enf\u00e1tica al se\u00f1alar que no se trata de secuestrados, sino de personas desaparecidas.<br><\/p>\n\n\n\n<p>Adem\u00e1s reiter\u00f3 que se mantendr\u00e1 la vigilancia en forma permanente en la zona, ya que es inter\u00e9s de su administraci\u00f3n salvaguardar la integridad y bienestar de los habitantes.<\/p>\n","protected":false},"excerpt":{"rendered":"<p>La gobernadora, al ser cuestionada, dijo que hay \u201cdesaparecidos\u201d no secuestrados, lo que refuerza el dicho de los ejidatarios: se los llevaron. Este jueves el gobierno estatal entreg\u00f3 despensas a decenas de pobladores de la comunidad de Texcapilla, en Texcaltitl\u00e1n, donde hace casi una semana ocurri\u00f3 un enfrentamiento entre los vecinos y una c\u00e9lula del [&hellip;]<\/p>\n","protected":false},"author":1,"featured_media":43642,"comment_status":"closed","ping_status":"closed","sticky":false,"template":"","format":"standard","meta":{"footnotes":""},"categories":[30,36],"tags":[],"class_list":["post-43641","post","type-post","status-publish","format-standard","has-post-thumbnail","hentry","category-destacado","category-edomex"],"_links":{"self":[{"href":"https:\/\/elinformante.mx\/index.php?rest_route=\/wp\/v2\/posts\/43641","targetHints":{"allow":["GET"]}}],"collection":[{"href":"https:\/\/elinformante.mx\/index.php?rest_route=\/wp\/v2\/posts"}],"about":[{"href":"https:\/\/elinformante.mx\/index.php?rest_route=\/wp\/v2\/types\/post"}],"author":[{"embeddable":true,"href":"https:\/\/elinformante.mx\/index.php?rest_route=\/wp\/v2\/users\/1"}],"replies":[{"embeddable":true,"href":"https:\/\/elinformante.mx\/index.php?rest_route=%2Fwp%2Fv2%2Fcomments&post=43641"}],"version-history":[{"count":0,"href":"https:\/\/elinformante.mx\/index.php?rest_route=\/wp\/v2\/posts\/43641\/revisions"}],"wp:featuredmedia":[{"embeddable":true,"href":"https:\/\/elinformante.mx\/index.php?rest_route=\/wp\/v2\/media\/43642"}],"wp:attachment":[{"href":"https:\/\/elinformante.mx\/index.php?rest_route=%2Fwp%2Fv2%2Fmedia&parent=43641"}],"wp:term":[{"taxonomy":"category","embeddable":true,"href":"https:\/\/elinformante.mx\/index.php?rest_route=%2Fwp%2Fv2%2Fcategories&post=43641"},{"taxonomy":"post_tag","embeddable":true,"href":"https:\/\/elinformante.mx\/index.php?rest_route=%2Fwp%2Fv2%2Ftags&post=43641"}],"curies":[{"name":"wp","href":"https:\/\/api.w.org\/{rel}","templated":true}]}}