{"id":43647,"date":"2023-12-15T04:53:22","date_gmt":"2023-12-15T10:53:22","guid":{"rendered":"https:\/\/elinformante.mx\/?p=43647"},"modified":"2023-12-15T04:53:23","modified_gmt":"2023-12-15T10:53:23","slug":"otro-que-se-va-adrian-rubalcava-renuncia-al-pri-y-se-suma-a-campana-de-sheinbaum","status":"publish","type":"post","link":"https:\/\/elinformante.mx\/?p=43647","title":{"rendered":"Otro que se va: Adri\u00e1n Rubalcava renuncia al PRI y se suma a campa\u00f1a de Sheinbaum"},"content":{"rendered":"\n<blockquote class=\"wp-block-quote is-layout-flow wp-block-quote-is-layout-flow\">\n<p>El alcalde de Cuajimalpa revel\u00f3 sus intenciones de sumarse a Sheinbaum en un acto p\u00fablico.<\/p>\n<\/blockquote>\n\n\n\n<p>El actual alcalde de Cuajimalpa, Adri\u00e1n Rubalcava, ha informado que presentar\u00e1 su renuncia definitiva a las filas del PRI y que prev\u00e9 una posible transici\u00f3n en acompa\u00f1amiento junto a Claudia Sheinbaum.<br><\/p>\n\n\n\n<p>El anuncio fue dado en una conferencia en la que anunci\u00f3 una renuncia masiva del PRI, se\u00f1al\u00f3 \u201cen las pr\u00f3ximas semanas estaremos presentando 20 mil renuncias\u201d.<br><\/p>\n\n\n\n<p>\u201cNo solamente presentamos la renuncia ante el \u00f3rgano pol\u00edtico, sino que estamos solicitando ante el instituto electoral que se den de baja estos militantes del padr\u00f3n del PRI\u201d, dijo.<br><\/p>\n\n\n\n<figure class=\"wp-block-image size-large\"><img fetchpriority=\"high\" decoding=\"async\" width=\"1024\" height=\"503\" src=\"https:\/\/elinformante.mx\/wp-content\/uploads\/2023\/12\/otro-que-2-1024x503.jpg\" alt=\"\" class=\"wp-image-43649\" srcset=\"https:\/\/elinformante.mx\/wp-content\/uploads\/2023\/12\/otro-que-2-1024x503.jpg 1024w, https:\/\/elinformante.mx\/wp-content\/uploads\/2023\/12\/otro-que-2-300x147.jpg 300w, https:\/\/elinformante.mx\/wp-content\/uploads\/2023\/12\/otro-que-2-768x377.jpg 768w, https:\/\/elinformante.mx\/wp-content\/uploads\/2023\/12\/otro-que-2-580x285.jpg 580w, https:\/\/elinformante.mx\/wp-content\/uploads\/2023\/12\/otro-que-2-860x422.jpg 860w, https:\/\/elinformante.mx\/wp-content\/uploads\/2023\/12\/otro-que-2.jpg 1140w\" sizes=\"(max-width: 1024px) 100vw, 1024px\" \/><\/figure>\n\n\n\n<p>El alcalde asegur\u00f3 que los 30 consejeros presentes en el acto y \u00e9l dejaban de manera definitiva el Frente Amplio por la Ciudad de M\u00e9xico, al tiempo revel\u00f3 que se est\u00e1 previendo la posibilidad de transitar a junto a la precandidata presidencial de Morena.<br><\/p>\n\n\n\n<p>\u201cHemos empezado a valorar la posibilidad de transitar en acompa\u00f1amiento con la doctora Claudia Sheinbaum\u201d, expres\u00f3 Rubalcava.<br><\/p>\n\n\n\n<p>As\u00ed mismo, declar\u00f3 que esta decisi\u00f3n de sumarse a Sheinbaum fue despu\u00e9s de los buenos nexos que crearon junto a ella, y \u201cpor la capacidad de di\u00e1logo\u201d que no encontraron en el Frente Amplio.<\/p>\n","protected":false},"excerpt":{"rendered":"<p>El alcalde de Cuajimalpa revel\u00f3 sus intenciones de sumarse a Sheinbaum en un acto p\u00fablico. El actual alcalde de Cuajimalpa, Adri\u00e1n Rubalcava, ha informado que presentar\u00e1 su renuncia definitiva a las filas del PRI y que prev\u00e9 una posible transici\u00f3n en acompa\u00f1amiento junto a Claudia Sheinbaum. El anuncio fue dado en una conferencia en la [&hellip;]<\/p>\n","protected":false},"author":1,"featured_media":43648,"comment_status":"closed","ping_status":"closed","sticky":false,"template":"","format":"standard","meta":{"footnotes":""},"categories":[35],"tags":[],"class_list":["post-43647","post","type-post","status-publish","format-standard","has-post-thumbnail","hentry","category-cdmx"],"_links":{"self":[{"href":"https:\/\/elinformante.mx\/index.php?rest_route=\/wp\/v2\/posts\/43647","targetHints":{"allow":["GET"]}}],"collection":[{"href":"https:\/\/elinformante.mx\/index.php?rest_route=\/wp\/v2\/posts"}],"about":[{"href":"https:\/\/elinformante.mx\/index.php?rest_route=\/wp\/v2\/types\/post"}],"author":[{"embeddable":true,"href":"https:\/\/elinformante.mx\/index.php?rest_route=\/wp\/v2\/users\/1"}],"replies":[{"embeddable":true,"href":"https:\/\/elinformante.mx\/index.php?rest_route=%2Fwp%2Fv2%2Fcomments&post=43647"}],"version-history":[{"count":0,"href":"https:\/\/elinformante.mx\/index.php?rest_route=\/wp\/v2\/posts\/43647\/revisions"}],"wp:featuredmedia":[{"embeddable":true,"href":"https:\/\/elinformante.mx\/index.php?rest_route=\/wp\/v2\/media\/43648"}],"wp:attachment":[{"href":"https:\/\/elinformante.mx\/index.php?rest_route=%2Fwp%2Fv2%2Fmedia&parent=43647"}],"wp:term":[{"taxonomy":"category","embeddable":true,"href":"https:\/\/elinformante.mx\/index.php?rest_route=%2Fwp%2Fv2%2Fcategories&post=43647"},{"taxonomy":"post_tag","embeddable":true,"href":"https:\/\/elinformante.mx\/index.php?rest_route=%2Fwp%2Fv2%2Ftags&post=43647"}],"curies":[{"name":"wp","href":"https:\/\/api.w.org\/{rel}","templated":true}]}}