{"id":43651,"date":"2023-12-15T04:55:37","date_gmt":"2023-12-15T10:55:37","guid":{"rendered":"https:\/\/elinformante.mx\/?p=43651"},"modified":"2023-12-15T04:55:38","modified_gmt":"2023-12-15T10:55:38","slug":"se-registran-dos-sismos-mas-en-la-cdmx-la-alerta-sismica-no-sono","status":"publish","type":"post","link":"https:\/\/elinformante.mx\/?p=43651","title":{"rendered":"Se registran dos sismos m\u00e1s en la CDMX; la alerta s\u00edsmica no son\u00f3"},"content":{"rendered":"\n<blockquote class=\"wp-block-quote is-layout-flow wp-block-quote-is-layout-flow\">\n<p>La mayor parte de los postes del C5 se activaron en alertamiento capitalino tras un sismo registrado.<\/p>\n<\/blockquote>\n\n\n\n<p>La zona metropolitana del Valle de M\u00e9xico se vio sorprendida por al menos dos sismos, de los cuales no son\u00f3 la alerta s\u00edsmica.<br><\/p>\n\n\n\n<p>Los habitantes de la Ciudad de M\u00e9xico realizaron los protocolos de evacuaci\u00f3n ante una posible emergencia.<br><\/p>\n\n\n\n<p>La plataforma SkyAlert inform\u00f3 que el epicentro del sismo se registr\u00f3 en la zona poniente de la ciudad.<br><\/p>\n\n\n\n<p>El jefe de Gobierno de la Ciudad de M\u00e9xico, Mart\u00ed Batres, mencion\u00f3 que se activaron los protocolos de emergencia en la ciudad tras los sismos registrados.<br><\/p>\n\n\n\n<figure class=\"wp-block-image size-large\"><img fetchpriority=\"high\" decoding=\"async\" width=\"1024\" height=\"503\" src=\"https:\/\/elinformante.mx\/wp-content\/uploads\/2023\/12\/se-registran-1024x503.jpg\" alt=\"\" class=\"wp-image-43653\" srcset=\"https:\/\/elinformante.mx\/wp-content\/uploads\/2023\/12\/se-registran-1024x503.jpg 1024w, https:\/\/elinformante.mx\/wp-content\/uploads\/2023\/12\/se-registran-300x147.jpg 300w, https:\/\/elinformante.mx\/wp-content\/uploads\/2023\/12\/se-registran-768x377.jpg 768w, https:\/\/elinformante.mx\/wp-content\/uploads\/2023\/12\/se-registran-580x285.jpg 580w, https:\/\/elinformante.mx\/wp-content\/uploads\/2023\/12\/se-registran-860x422.jpg 860w, https:\/\/elinformante.mx\/wp-content\/uploads\/2023\/12\/se-registran.jpg 1140w\" sizes=\"(max-width: 1024px) 100vw, 1024px\" \/><\/figure>\n\n\n\n<p>Informan que tambi\u00e9n se sinti\u00f3 en la zona de Mixcoac, por lo que ser\u00eda el mismo epicentro que el del martes.<br><\/p>\n\n\n\n<p>La magnitud preliminar del primero es 3.2 y no se han reportado da\u00f1os hasta el momento.<br><\/p>\n\n\n\n<p>La llegada de un sismo suele ser sorpresiva, y por eso se tiene que tener preparado un protocolo de respuesta, sobre todo al encontrarse en un edificio.<br><\/p>\n\n\n\n<p>Hasta el momento, no existe una t\u00e9cnica que permita predecir los sismos, de acuerdo con el Servicio Sismol\u00f3gico Nacional (SSN). No hay un procedimiento confiable para predecir temblores o determinar la inminencia de alguno.<\/p>\n","protected":false},"excerpt":{"rendered":"<p>La mayor parte de los postes del C5 se activaron en alertamiento capitalino tras un sismo registrado. La zona metropolitana del Valle de M\u00e9xico se vio sorprendida por al menos dos sismos, de los cuales no son\u00f3 la alerta s\u00edsmica. Los habitantes de la Ciudad de M\u00e9xico realizaron los protocolos de evacuaci\u00f3n ante una posible [&hellip;]<\/p>\n","protected":false},"author":1,"featured_media":43652,"comment_status":"closed","ping_status":"closed","sticky":false,"template":"","format":"standard","meta":{"footnotes":""},"categories":[35,30],"tags":[],"class_list":["post-43651","post","type-post","status-publish","format-standard","has-post-thumbnail","hentry","category-cdmx","category-destacado"],"_links":{"self":[{"href":"https:\/\/elinformante.mx\/index.php?rest_route=\/wp\/v2\/posts\/43651","targetHints":{"allow":["GET"]}}],"collection":[{"href":"https:\/\/elinformante.mx\/index.php?rest_route=\/wp\/v2\/posts"}],"about":[{"href":"https:\/\/elinformante.mx\/index.php?rest_route=\/wp\/v2\/types\/post"}],"author":[{"embeddable":true,"href":"https:\/\/elinformante.mx\/index.php?rest_route=\/wp\/v2\/users\/1"}],"replies":[{"embeddable":true,"href":"https:\/\/elinformante.mx\/index.php?rest_route=%2Fwp%2Fv2%2Fcomments&post=43651"}],"version-history":[{"count":0,"href":"https:\/\/elinformante.mx\/index.php?rest_route=\/wp\/v2\/posts\/43651\/revisions"}],"wp:featuredmedia":[{"embeddable":true,"href":"https:\/\/elinformante.mx\/index.php?rest_route=\/wp\/v2\/media\/43652"}],"wp:attachment":[{"href":"https:\/\/elinformante.mx\/index.php?rest_route=%2Fwp%2Fv2%2Fmedia&parent=43651"}],"wp:term":[{"taxonomy":"category","embeddable":true,"href":"https:\/\/elinformante.mx\/index.php?rest_route=%2Fwp%2Fv2%2Fcategories&post=43651"},{"taxonomy":"post_tag","embeddable":true,"href":"https:\/\/elinformante.mx\/index.php?rest_route=%2Fwp%2Fv2%2Ftags&post=43651"}],"curies":[{"name":"wp","href":"https:\/\/api.w.org\/{rel}","templated":true}]}}