{"id":43658,"date":"2023-12-15T04:57:59","date_gmt":"2023-12-15T10:57:59","guid":{"rendered":"https:\/\/elinformante.mx\/?p=43658"},"modified":"2023-12-15T04:58:00","modified_gmt":"2023-12-15T10:58:00","slug":"en-cdmx-93-2-de-desaparecidos-no-fueron-victimas-de-algun-delito-batres","status":"publish","type":"post","link":"https:\/\/elinformante.mx\/?p=43658","title":{"rendered":"En CDMX 93.2% de desaparecidos \u201cno fueron v\u00edctimas de alg\u00fan delito\u201d: Batres"},"content":{"rendered":"\n<blockquote class=\"wp-block-quote is-layout-flow wp-block-quote-is-layout-flow\">\n<p>El jefe de Gobierno de la CDMX asegura que las Comisiones de B\u00fasqueda se crearon \u2018para buscar personas, no para acumular listados\u2019.<\/p>\n<\/blockquote>\n\n\n\n<p>En la Ciudad de M\u00e9xico \u201clas Comisiones de B\u00fasqueda se crearon para buscar personas, no para acumular listados\u201d, afirm\u00f3 el jefe de Gobierno, Mart\u00ed Batres, ante el presidente Andr\u00e9s Manuel L\u00f3pez Obrador.<br><\/p>\n\n\n\n<p>En medio de se\u00f1alamientos por inconsistencias en el Registro de B\u00fasqueda de personas desaparecidas, al participar este jueves en la conferencia presidencial en Palacio Nacional, el mandatario capitalino se\u00f1al\u00f3 que, en la capital del pa\u00eds, del total de las personas localizadas, de septiembre de 2022 a la fecha, el 93.2 por ciento \u201cno se ausentaron por (ser) v\u00edctimas de alg\u00fan delito\u201d.<br><\/p>\n\n\n\n<p>De ese total, el 2.4 por ciento fueron v\u00edctimas de homicidio, y el 4.6 por ciento, \u201cfueron v\u00edctimas de alg\u00fan delito de alto impacto\u201d, dijo Batres, sin precisar qu\u00e9 tipo de delito.<br><\/p>\n\n\n\n<p>Adem\u00e1s, del total de las personas reportadas como desaparecidas, y que han sido localizadas, el 44 por ciento fueron ausencias voluntarias; 36% se ausentaron por alg\u00fan tipo de conflicto personal o de otro tipo; 7% por enfermedad mental, y el 3 por ciento, \u201csufri\u00f3 alg\u00fan accidente\u201d, de acuerdo al reporte presentado por Batres en la ma\u00f1anera.<br><\/p>\n\n\n\n<p>Asimismo, el jefe de Gobierno detall\u00f3 la metodolog\u00eda implementada por los Comit\u00e9s de B\u00fasqueda, integrado por 14 dependencias del Gobierno central, que reportan a una Base de Datos \u00danica.<br><\/p>\n\n\n\n<p>Dicha metodolog\u00eda est\u00e1 compuesta por cuatro pasos:<br><\/p>\n\n\n\n<p>El primero, integrar la base de datos; el segundo, confrontar con registros administrativos; y el tercero, organizar jornadas de b\u00fasqueda individualizadas, con la creaci\u00f3n de 500 c\u00e9lulas, integradas por Servidores de la Naci\u00f3n, de Participaci\u00f3n Ciudadana, y elementos de la Secretar\u00eda de Seguridad Ciudadana, adem\u00e1s de la creaci\u00f3n de cuatro c\u00e9lulas for\u00e1neas, para la localizaci\u00f3n en otras entidades, de personas desaparecidas.<br><\/p>\n\n\n\n<p>Para ello, de septiembre de 2022 a la fecha se realizaron 78 mil 159 acciones de b\u00fasqueda, con 30 mil visitas domiciliarias; 44 mil llamadas telef\u00f3nicas; se enviaron 2 mil 300 mensajes SMS y se realizaron m\u00e1s de mil 400 citas para ni\u00f1as, ni\u00f1os y adolescentes en agencias del Ministerio P\u00fablico.<br><\/p>\n\n\n\n<p>Adem\u00e1s, se llevaron a cabo 54 visitas en otros lugares fuera de la Ciudad de M\u00e9xico y 166 llamadas a n\u00fameros de personas que se encuentran en otros lugares<br><\/p>\n\n\n\n<p>De acuerdo al jefe de Gobierno, una vez localizadas las personas reportadas como desaparecidas, \u201cse aplica una prueba de vida\u201d, con la toma de una fotograf\u00eda con el peri\u00f3dico de ese d\u00eda, se realiza un escrito aut\u00f3grafo de la persona reportada como desaparecida, la firma y su huella digital.<br><\/p>\n\n\n\n<p>Batres se\u00f1al\u00f3 que \u201ctoda esa informaci\u00f3n sigue en las bases de datos, no se borra nada, se organiza para poder trabajar mejor en el objetivo fundamental que es buscar, encontrar, localizar a las personas\u201d. Sin embargo, no present\u00f3 el n\u00famero total de personas desaparecidas ni las que han sido localizadas en el \u00faltimo a\u00f1o.<br><\/p>\n\n\n\n<p>El pasado 29 de noviembre, al presentar el Informe Ciudadano de B\u00fasqueda 2020-2023, el Consejo de B\u00fasqueda en la Ciudad de M\u00e9xico advirti\u00f3 de \u201cinconsistencias\u201d en la Comisi\u00f3n de B\u00fasqueda de la CDMX, alertar que, hasta julio de este a\u00f1o, la cifra de personas en condici\u00f3n de no localizaci\u00f3n, que forman parte del Registro Nacional de Personas Desaparecidas y No Localizadas, era de poco m\u00e1s de ocho mil, y \u201cpara octubre pasado, en dicho registro la cifra disminuy\u00f3 a 6 mil 725 personas desaparecidas y no localizadas\u201d.<\/p>\n","protected":false},"excerpt":{"rendered":"<p>El jefe de Gobierno de la CDMX asegura que las Comisiones de B\u00fasqueda se crearon \u2018para buscar personas, no para acumular listados\u2019. En la Ciudad de M\u00e9xico \u201clas Comisiones de B\u00fasqueda se crearon para buscar personas, no para acumular listados\u201d, afirm\u00f3 el jefe de Gobierno, Mart\u00ed Batres, ante el presidente Andr\u00e9s Manuel L\u00f3pez Obrador. En [&hellip;]<\/p>\n","protected":false},"author":1,"featured_media":43659,"comment_status":"closed","ping_status":"closed","sticky":false,"template":"","format":"standard","meta":{"footnotes":""},"categories":[35,30],"tags":[],"class_list":["post-43658","post","type-post","status-publish","format-standard","has-post-thumbnail","hentry","category-cdmx","category-destacado"],"_links":{"self":[{"href":"https:\/\/elinformante.mx\/index.php?rest_route=\/wp\/v2\/posts\/43658","targetHints":{"allow":["GET"]}}],"collection":[{"href":"https:\/\/elinformante.mx\/index.php?rest_route=\/wp\/v2\/posts"}],"about":[{"href":"https:\/\/elinformante.mx\/index.php?rest_route=\/wp\/v2\/types\/post"}],"author":[{"embeddable":true,"href":"https:\/\/elinformante.mx\/index.php?rest_route=\/wp\/v2\/users\/1"}],"replies":[{"embeddable":true,"href":"https:\/\/elinformante.mx\/index.php?rest_route=%2Fwp%2Fv2%2Fcomments&post=43658"}],"version-history":[{"count":0,"href":"https:\/\/elinformante.mx\/index.php?rest_route=\/wp\/v2\/posts\/43658\/revisions"}],"wp:featuredmedia":[{"embeddable":true,"href":"https:\/\/elinformante.mx\/index.php?rest_route=\/wp\/v2\/media\/43659"}],"wp:attachment":[{"href":"https:\/\/elinformante.mx\/index.php?rest_route=%2Fwp%2Fv2%2Fmedia&parent=43658"}],"wp:term":[{"taxonomy":"category","embeddable":true,"href":"https:\/\/elinformante.mx\/index.php?rest_route=%2Fwp%2Fv2%2Fcategories&post=43658"},{"taxonomy":"post_tag","embeddable":true,"href":"https:\/\/elinformante.mx\/index.php?rest_route=%2Fwp%2Fv2%2Ftags&post=43658"}],"curies":[{"name":"wp","href":"https:\/\/api.w.org\/{rel}","templated":true}]}}