{"id":43664,"date":"2023-12-15T05:04:11","date_gmt":"2023-12-15T11:04:11","guid":{"rendered":"https:\/\/elinformante.mx\/?p=43664"},"modified":"2023-12-15T05:04:12","modified_gmt":"2023-12-15T11:04:12","slug":"guerrero-mantendra-operativos-para-el-decomiso-de-pirotecnia","status":"publish","type":"post","link":"https:\/\/elinformante.mx\/?p=43664","title":{"rendered":"Guerrero mantendr\u00e1 operativos para el decomiso de pirotecnia"},"content":{"rendered":"\n<blockquote class=\"wp-block-quote is-layout-flow wp-block-quote-is-layout-flow\">\n<p>La Secretar\u00eda de Gesti\u00f3n Integral de Riesgos y Protecci\u00f3n Civil del estado de Guerrero realizar\u00e1n operativos con el manejo de la p\u00f3lvora para brindar seguridad a las personas.<\/p>\n<\/blockquote>\n\n\n\n<p>Al iniciar el periodo de vacaciones de Navidad y A\u00f1o Nuevo, se mantendr\u00e1n los operativos en los centros de abasto para decomisar la pirotecnia que se expenda en cantidades que ponga en riesgo la seguridad de las personas.<br><\/p>\n\n\n\n<p>As\u00ed lo confirm\u00f3 el titular de la Secretar\u00eda de Gesti\u00f3n Integral de Riesgos y Protecci\u00f3n Civil del estado de Guerrero, Roberto Arroyo Matus, quien explic\u00f3 que estos operativos se realizar\u00e1n de manera conjunta con personal de la Secretar\u00eda de la Defensa Nacional (SEDENA).<br><\/p>\n\n\n\n<p>Indic\u00f3 que estos protocolos de prevenci\u00f3n se realizar\u00e1n en los mercados y tianguis del puerto de Acapulco, toda vez que son los sitios en donde se vende sin ning\u00fan tipo de medidas de seguridad, diversos tipos de pirotecnia.<br><\/p>\n\n\n\n<p>El funcionario estatal Arroyo Matus refiri\u00f3 que en estos momentos est\u00e1n atentos a brindar todas las medidas de seguridad cuando llegue la p\u00f3lvora que se utilizar\u00e1 en la gala de la Navidad, de tal forma que no exista ning\u00fan riesgo para quienes preparen los disparos de la gala pirot\u00e9cnica.<br><\/p>\n\n\n\n<p>Tambi\u00e9n se brindar\u00e1 apoyo a los municipios en donde se haga manejo de cantidades importantes de p\u00f3lvora para la gala con la que recibir\u00e1n la Navidad, aunque en estos momentos todav\u00eda no reciben ninguna solicitud para que vigilen el proceso de traslado y almacenamiento.<br><\/p>\n\n\n\n<p>Reitero que todo esto se har\u00e1 con el personal especializado del Ej\u00e9rcito Mexicano, con quienes tienen un convenio para participar en operativos conjuntos en la vigilancia del manejo, traslado y almacenamiento de la p\u00f3lvora.<\/p>\n","protected":false},"excerpt":{"rendered":"<p>La Secretar\u00eda de Gesti\u00f3n Integral de Riesgos y Protecci\u00f3n Civil del estado de Guerrero realizar\u00e1n operativos con el manejo de la p\u00f3lvora para brindar seguridad a las personas. Al iniciar el periodo de vacaciones de Navidad y A\u00f1o Nuevo, se mantendr\u00e1n los operativos en los centros de abasto para decomisar la pirotecnia que se expenda [&hellip;]<\/p>\n","protected":false},"author":1,"featured_media":43665,"comment_status":"closed","ping_status":"closed","sticky":false,"template":"","format":"standard","meta":{"footnotes":""},"categories":[34],"tags":[],"class_list":["post-43664","post","type-post","status-publish","format-standard","has-post-thumbnail","hentry","category-nacional"],"_links":{"self":[{"href":"https:\/\/elinformante.mx\/index.php?rest_route=\/wp\/v2\/posts\/43664","targetHints":{"allow":["GET"]}}],"collection":[{"href":"https:\/\/elinformante.mx\/index.php?rest_route=\/wp\/v2\/posts"}],"about":[{"href":"https:\/\/elinformante.mx\/index.php?rest_route=\/wp\/v2\/types\/post"}],"author":[{"embeddable":true,"href":"https:\/\/elinformante.mx\/index.php?rest_route=\/wp\/v2\/users\/1"}],"replies":[{"embeddable":true,"href":"https:\/\/elinformante.mx\/index.php?rest_route=%2Fwp%2Fv2%2Fcomments&post=43664"}],"version-history":[{"count":0,"href":"https:\/\/elinformante.mx\/index.php?rest_route=\/wp\/v2\/posts\/43664\/revisions"}],"wp:featuredmedia":[{"embeddable":true,"href":"https:\/\/elinformante.mx\/index.php?rest_route=\/wp\/v2\/media\/43665"}],"wp:attachment":[{"href":"https:\/\/elinformante.mx\/index.php?rest_route=%2Fwp%2Fv2%2Fmedia&parent=43664"}],"wp:term":[{"taxonomy":"category","embeddable":true,"href":"https:\/\/elinformante.mx\/index.php?rest_route=%2Fwp%2Fv2%2Fcategories&post=43664"},{"taxonomy":"post_tag","embeddable":true,"href":"https:\/\/elinformante.mx\/index.php?rest_route=%2Fwp%2Fv2%2Ftags&post=43664"}],"curies":[{"name":"wp","href":"https:\/\/api.w.org\/{rel}","templated":true}]}}