{"id":43684,"date":"2023-12-15T05:17:51","date_gmt":"2023-12-15T11:17:51","guid":{"rendered":"https:\/\/elinformante.mx\/?p=43684"},"modified":"2023-12-15T05:17:52","modified_gmt":"2023-12-15T11:17:52","slug":"vecinos-de-texcaltitlan-piden-ayuda-por-la-desaparicion-de-9-personas","status":"publish","type":"post","link":"https:\/\/elinformante.mx\/?p=43684","title":{"rendered":"VECINOS DE TEXCALTITL\u00c1N PIDEN AYUDA POR LA DESAPARICI\u00d3N DE 9 PERSONAS"},"content":{"rendered":"\n<blockquote class=\"wp-block-quote is-layout-flow wp-block-quote-is-layout-flow\">\n<p>De acuerdo con los habitantes de Texcapilla, entre los desaparecidos est\u00e1n cuatro personas menores de edad, entre ellas un beb\u00e9.<\/p>\n<\/blockquote>\n\n\n\n<p>La situaci\u00f3n en Texcapilla, en el municipio de Texcaltitl\u00e1n es de alta tensi\u00f3n entre los habitantes, ya que aseguran que hay varias personas desaparecidas desde que se dio el enfrentamiento con miembros de la llamada Familia Michoacana.<br><\/p>\n\n\n\n<p>Los ejidatarios facilitaron un listado de nueve personas supuestamente desaparecidas, entre los cuales figuran cuatro menores de edad; una ni\u00f1a de un a\u00f1o y seis meses de nacida, otro peque\u00f1o de cinco, una peque\u00f1a de 13 a\u00f1os y un adolescente de 14 a\u00f1os de edad.<br><\/p>\n\n\n\n<p>Se indic\u00f3 que son siete integrantes de una familia y dos de sus vecinas.<br><\/p>\n\n\n\n<figure class=\"wp-block-image size-large\"><img fetchpriority=\"high\" decoding=\"async\" width=\"1024\" height=\"503\" src=\"https:\/\/elinformante.mx\/wp-content\/uploads\/2023\/12\/vecinos-de-1024x503.jpg\" alt=\"\" class=\"wp-image-43690\" srcset=\"https:\/\/elinformante.mx\/wp-content\/uploads\/2023\/12\/vecinos-de-1024x503.jpg 1024w, https:\/\/elinformante.mx\/wp-content\/uploads\/2023\/12\/vecinos-de-300x147.jpg 300w, https:\/\/elinformante.mx\/wp-content\/uploads\/2023\/12\/vecinos-de-768x377.jpg 768w, https:\/\/elinformante.mx\/wp-content\/uploads\/2023\/12\/vecinos-de-580x285.jpg 580w, https:\/\/elinformante.mx\/wp-content\/uploads\/2023\/12\/vecinos-de-860x422.jpg 860w, https:\/\/elinformante.mx\/wp-content\/uploads\/2023\/12\/vecinos-de.jpg 1140w\" sizes=\"(max-width: 1024px) 100vw, 1024px\" \/><\/figure>\n\n\n\n<p>Se asegura que las personas fueron privadas de su libertad en un ret\u00e9n de la delincuencia organizada y est\u00e1n desaparecidos.<br><\/p>\n\n\n\n<p>Al respecto Patricia Huicochea explic\u00f3 que el viernes 8 de diciembre, horas despu\u00e9s de que se registrara el enfrentamiento, sus familiares fueron interceptados por el grupo criminal sobre la Carretera La Puerta-Sultepec.<br><\/p>\n\n\n\n<p>Entre los desaparecidos est\u00e1 su padre, Jos\u00e9 Trinidad Huicochea Salcedo (67 a\u00f1os); su hermano, Joel Huicochea Arce (34 a\u00f1os); sus cu\u00f1adas, Guadalupe Trinidad (22 a\u00f1os) y Norma Esquivel (35 a\u00f1os), adem\u00e1s de sus sobrinos, Teresa (18 a\u00f1os), Edwin (14 a\u00f1os), Lucero (13 a\u00f1os), Dylan (5 a\u00f1os) y Keyly Huicochea (1 a\u00f1o).<br><\/p>\n\n\n\n<figure class=\"wp-block-image size-large\"><img decoding=\"async\" width=\"1024\" height=\"503\" src=\"https:\/\/elinformante.mx\/wp-content\/uploads\/2023\/12\/vecinos-de-3-1024x503.jpg\" alt=\"\" class=\"wp-image-43687\" srcset=\"https:\/\/elinformante.mx\/wp-content\/uploads\/2023\/12\/vecinos-de-3-1024x503.jpg 1024w, https:\/\/elinformante.mx\/wp-content\/uploads\/2023\/12\/vecinos-de-3-300x147.jpg 300w, https:\/\/elinformante.mx\/wp-content\/uploads\/2023\/12\/vecinos-de-3-768x377.jpg 768w, https:\/\/elinformante.mx\/wp-content\/uploads\/2023\/12\/vecinos-de-3-580x285.jpg 580w, https:\/\/elinformante.mx\/wp-content\/uploads\/2023\/12\/vecinos-de-3-860x422.jpg 860w, https:\/\/elinformante.mx\/wp-content\/uploads\/2023\/12\/vecinos-de-3.jpg 1140w\" sizes=\"(max-width: 1024px) 100vw, 1024px\" \/><\/figure>\n\n\n\n<p>De acuerdo con el testimonio, su hermano Joel estuvo presente en la disputa con la Familia Michoacana en Texcapilla, a donde se traslad\u00f3 desde la comunidad de Nueva Santa Mar\u00eda, ubicada a unos dos kil\u00f3metros.<br><\/p>\n\n\n\n<p>En el enfrentamiento, Joel result\u00f3 herido de bala, por lo que sus familiares decidieron trasladarlo por medios propios a un hospital de Toluca. El grupo sali\u00f3 en dos veh\u00edculos; el primero, en el que iban m\u00e1s familiares, entre ellos su madre y su hermana, pas\u00f3 el ret\u00e9n de los delincuentes, no as\u00ed el segundo coche en el que iban las nueve personas que hoy est\u00e1n desaparecidas.<br><\/p>\n\n\n\n<p>\u201cEl ret\u00e9n fue en el lugar que se llama El Capul\u00edn, cerca de otro lugar que se llama Ra\u00edces (Zinacantepec), y de ah\u00ed mi hermano y con los que iba ya no pudieron pasar, porque mi hermano Joel iba herido de una pierna\u201d, asegur\u00f3.<br><\/p>\n\n\n\n<figure class=\"wp-block-image size-large\"><img decoding=\"async\" width=\"1024\" height=\"503\" src=\"https:\/\/elinformante.mx\/wp-content\/uploads\/2023\/12\/vecinos-de-4-1024x503.jpg\" alt=\"\" class=\"wp-image-43688\" srcset=\"https:\/\/elinformante.mx\/wp-content\/uploads\/2023\/12\/vecinos-de-4-1024x503.jpg 1024w, https:\/\/elinformante.mx\/wp-content\/uploads\/2023\/12\/vecinos-de-4-300x147.jpg 300w, https:\/\/elinformante.mx\/wp-content\/uploads\/2023\/12\/vecinos-de-4-768x377.jpg 768w, https:\/\/elinformante.mx\/wp-content\/uploads\/2023\/12\/vecinos-de-4-580x285.jpg 580w, https:\/\/elinformante.mx\/wp-content\/uploads\/2023\/12\/vecinos-de-4-860x422.jpg 860w, https:\/\/elinformante.mx\/wp-content\/uploads\/2023\/12\/vecinos-de-4.jpg 1140w\" sizes=\"(max-width: 1024px) 100vw, 1024px\" \/><\/figure>\n\n\n\n<p>Hasta el momento, dijo Patricia, desconocen el paradero de sus familiares y nadie se ha puesto en contacto con ellos.<br><\/p>\n\n\n\n<p>Cabe mencionar que el martes pasado se hablaba de 20 personas que no aparecen desde que se registr\u00f3 la batalla campal entre pobladores y la delincuencia organizada.<br><\/p>\n\n\n\n<p>De acuerdo con testimonios, hay vecinos que se fueron del poblado ante el temor de que los delincuentes regresaran para intentar matarlos.<\/p>\n\n\n\n<figure class=\"wp-block-image size-large\"><img loading=\"lazy\" decoding=\"async\" width=\"1024\" height=\"503\" src=\"https:\/\/elinformante.mx\/wp-content\/uploads\/2023\/12\/vecinos-de-2-1-1024x503.jpg\" alt=\"\" class=\"wp-image-43689\" srcset=\"https:\/\/elinformante.mx\/wp-content\/uploads\/2023\/12\/vecinos-de-2-1-1024x503.jpg 1024w, https:\/\/elinformante.mx\/wp-content\/uploads\/2023\/12\/vecinos-de-2-1-300x147.jpg 300w, https:\/\/elinformante.mx\/wp-content\/uploads\/2023\/12\/vecinos-de-2-1-768x377.jpg 768w, https:\/\/elinformante.mx\/wp-content\/uploads\/2023\/12\/vecinos-de-2-1-580x285.jpg 580w, https:\/\/elinformante.mx\/wp-content\/uploads\/2023\/12\/vecinos-de-2-1-860x422.jpg 860w, https:\/\/elinformante.mx\/wp-content\/uploads\/2023\/12\/vecinos-de-2-1.jpg 1140w\" sizes=\"(max-width: 1024px) 100vw, 1024px\" \/><\/figure>\n","protected":false},"excerpt":{"rendered":"<p>De acuerdo con los habitantes de Texcapilla, entre los desaparecidos est\u00e1n cuatro personas menores de edad, entre ellas un beb\u00e9. La situaci\u00f3n en Texcapilla, en el municipio de Texcaltitl\u00e1n es de alta tensi\u00f3n entre los habitantes, ya que aseguran que hay varias personas desaparecidas desde que se dio el enfrentamiento con miembros de la llamada [&hellip;]<\/p>\n","protected":false},"author":1,"featured_media":43685,"comment_status":"closed","ping_status":"closed","sticky":false,"template":"","format":"standard","meta":{"footnotes":""},"categories":[30,31],"tags":[],"class_list":["post-43684","post","type-post","status-publish","format-standard","has-post-thumbnail","hentry","category-destacado","category-portada"],"_links":{"self":[{"href":"https:\/\/elinformante.mx\/index.php?rest_route=\/wp\/v2\/posts\/43684","targetHints":{"allow":["GET"]}}],"collection":[{"href":"https:\/\/elinformante.mx\/index.php?rest_route=\/wp\/v2\/posts"}],"about":[{"href":"https:\/\/elinformante.mx\/index.php?rest_route=\/wp\/v2\/types\/post"}],"author":[{"embeddable":true,"href":"https:\/\/elinformante.mx\/index.php?rest_route=\/wp\/v2\/users\/1"}],"replies":[{"embeddable":true,"href":"https:\/\/elinformante.mx\/index.php?rest_route=%2Fwp%2Fv2%2Fcomments&post=43684"}],"version-history":[{"count":0,"href":"https:\/\/elinformante.mx\/index.php?rest_route=\/wp\/v2\/posts\/43684\/revisions"}],"wp:featuredmedia":[{"embeddable":true,"href":"https:\/\/elinformante.mx\/index.php?rest_route=\/wp\/v2\/media\/43685"}],"wp:attachment":[{"href":"https:\/\/elinformante.mx\/index.php?rest_route=%2Fwp%2Fv2%2Fmedia&parent=43684"}],"wp:term":[{"taxonomy":"category","embeddable":true,"href":"https:\/\/elinformante.mx\/index.php?rest_route=%2Fwp%2Fv2%2Fcategories&post=43684"},{"taxonomy":"post_tag","embeddable":true,"href":"https:\/\/elinformante.mx\/index.php?rest_route=%2Fwp%2Fv2%2Ftags&post=43684"}],"curies":[{"name":"wp","href":"https:\/\/api.w.org\/{rel}","templated":true}]}}