{"id":43695,"date":"2023-12-15T05:21:07","date_gmt":"2023-12-15T11:21:07","guid":{"rendered":"https:\/\/elinformante.mx\/?p=43695"},"modified":"2023-12-15T05:21:08","modified_gmt":"2023-12-15T11:21:08","slug":"lenia-batres-es-la-nueva-ministra-de-la-corte","status":"publish","type":"post","link":"https:\/\/elinformante.mx\/?p=43695","title":{"rendered":"LENIA BATRES ES LA NUEVA MINISTRA DE LA CORTE"},"content":{"rendered":"\n<blockquote class=\"wp-block-quote is-layout-flow wp-block-quote-is-layout-flow\">\n<p>El presidente Andr\u00e9s Manuel L\u00f3pez Obrador propuso a tres mujeres para sustituir el cargo que dej\u00f3 el exMinistro Zald\u00edvar.<\/p>\n<\/blockquote>\n\n\n\n<p>Lenia Batres Guadarrama fue designada por el presidente Andr\u00e9s Manuel L\u00f3pez Obrador como nueva ministra de la Suprema Corte de Justicia de la Naci\u00f3n (SCJN).<br><\/p>\n\n\n\n<p>Al t\u00e9rmino de la conferencia ma\u00f1anera el jefe del Ejecutivo se reuni\u00f3 con las tres mujeres que integraban la terna para definir el nombramiento de quien sustituir\u00eda al exMinistro Arturo Zald\u00edvar en la Corte.<br><\/p>\n\n\n\n<figure class=\"wp-block-image size-large\"><img fetchpriority=\"high\" decoding=\"async\" width=\"1024\" height=\"503\" src=\"https:\/\/elinformante.mx\/wp-content\/uploads\/2023\/12\/LENIA-1024x503.jpg\" alt=\"\" class=\"wp-image-43697\" srcset=\"https:\/\/elinformante.mx\/wp-content\/uploads\/2023\/12\/LENIA-1024x503.jpg 1024w, https:\/\/elinformante.mx\/wp-content\/uploads\/2023\/12\/LENIA-300x147.jpg 300w, https:\/\/elinformante.mx\/wp-content\/uploads\/2023\/12\/LENIA-768x377.jpg 768w, https:\/\/elinformante.mx\/wp-content\/uploads\/2023\/12\/LENIA-580x285.jpg 580w, https:\/\/elinformante.mx\/wp-content\/uploads\/2023\/12\/LENIA-860x422.jpg 860w, https:\/\/elinformante.mx\/wp-content\/uploads\/2023\/12\/LENIA.jpg 1140w\" sizes=\"(max-width: 1024px) 100vw, 1024px\" \/><\/figure>\n\n\n\n<p>Batres desempe\u00f1o en el a\u00f1o 2000 el cargo de asesora del jefe de Gobierno de la CDMX Andr\u00e9s Manuel L\u00f3pez Obrador cuando era parte del PRD, despu\u00e9s en el a\u00f1o 2015 asumi\u00f3 el cargo de asesora de la jefa Delegacional de Tlalpan Claudia Sheinbaum hasta el 2018.<br><\/p>\n\n\n\n<p>Es fundadora de Morena y se ven\u00eda desempe\u00f1ando como Consejera Adjunta de Legislaci\u00f3n y Estudios Normativos de la Consejer\u00eda Jur\u00eddica del Ejecutivo Federal, y ahora ocupar\u00e1 la vacante que dej\u00f3 Arturo Zald\u00edvar, quien renunci\u00f3 a un a\u00f1o de concluir su periodo.<br><\/p>\n\n\n\n<p>De acuerdo con la senadora Olga S\u00e1nchez Cordero, presidenta de la Comisi\u00f3n de Justicia de la C\u00e1mara alta, Batres ejercer\u00e1 como ministra por 15 a\u00f1os, ya que en todos casos precedentes donde los ministros no concluyeron su periodo completo, sus sucesores fueron nombrados por 15 a\u00f1os y no por el periodo que le restaba a su antecesor.<br><\/p>\n\n\n\n<figure class=\"wp-block-image size-large\"><img decoding=\"async\" width=\"1024\" height=\"503\" src=\"https:\/\/elinformante.mx\/wp-content\/uploads\/2023\/12\/LENIA-2-1024x503.jpg\" alt=\"\" class=\"wp-image-43698\" srcset=\"https:\/\/elinformante.mx\/wp-content\/uploads\/2023\/12\/LENIA-2-1024x503.jpg 1024w, https:\/\/elinformante.mx\/wp-content\/uploads\/2023\/12\/LENIA-2-300x147.jpg 300w, https:\/\/elinformante.mx\/wp-content\/uploads\/2023\/12\/LENIA-2-768x377.jpg 768w, https:\/\/elinformante.mx\/wp-content\/uploads\/2023\/12\/LENIA-2-580x285.jpg 580w, https:\/\/elinformante.mx\/wp-content\/uploads\/2023\/12\/LENIA-2-860x422.jpg 860w, https:\/\/elinformante.mx\/wp-content\/uploads\/2023\/12\/LENIA-2.jpg 1140w\" sizes=\"(max-width: 1024px) 100vw, 1024px\" \/><\/figure>\n\n\n\n<p>Adem\u00e1s, por otro lado, el art\u00edculo 94 de la Constituci\u00f3n establece que \u201clos Ministros de la Suprema Corte de Justicia durar\u00e1n en su encargo quince a\u00f1os, s\u00f3lo podr\u00e1n ser removidos del mismo en los t\u00e9rminos del T\u00edtulo Cuarto de esta Constituci\u00f3n y, al vencimiento de su periodo, tendr\u00e1n derecho a un haber por retiro\u201d.<br><\/p>\n\n\n\n<p>La hermana del jefe de Gobierno y de una diputada de Morena del Congreso citadino, tom\u00f3 protesta a su encargo en el Senado de la Rep\u00fablica.<br><\/p>\n\n\n\n<p>Eduardo Ram\u00edrez Aguilar, presidente de la Junta de Coordinaci\u00f3n Pol\u00edtica (Jucopo) y tambi\u00e9n integrante de la Cuatrot\u00e9, notific\u00f3 a la C\u00e1mara Alta sobre la designaci\u00f3n de Batres Guadarrama como una de los 11 miembros que hay en el M\u00e1ximo Tribunal del pa\u00eds, quien habr\u00e1 de estar en esta instancia por los pr\u00f3ximos 15 a\u00f1os.<br><\/p>\n\n\n\n<figure class=\"wp-block-image size-large\"><img decoding=\"async\" width=\"1024\" height=\"503\" src=\"https:\/\/elinformante.mx\/wp-content\/uploads\/2023\/12\/LENIA-5-1024x503.jpg\" alt=\"\" class=\"wp-image-43699\" srcset=\"https:\/\/elinformante.mx\/wp-content\/uploads\/2023\/12\/LENIA-5-1024x503.jpg 1024w, https:\/\/elinformante.mx\/wp-content\/uploads\/2023\/12\/LENIA-5-300x147.jpg 300w, https:\/\/elinformante.mx\/wp-content\/uploads\/2023\/12\/LENIA-5-768x377.jpg 768w, https:\/\/elinformante.mx\/wp-content\/uploads\/2023\/12\/LENIA-5-580x285.jpg 580w, https:\/\/elinformante.mx\/wp-content\/uploads\/2023\/12\/LENIA-5-860x422.jpg 860w, https:\/\/elinformante.mx\/wp-content\/uploads\/2023\/12\/LENIA-5.jpg 1140w\" sizes=\"(max-width: 1024px) 100vw, 1024px\" \/><\/figure>\n\n\n\n<p>De esta manera se formaliz\u00f3 la llegada de quien ha sido un personaje cercano al presidente Andr\u00e9s Manuel L\u00f3pez Obrador.<br><\/p>\n\n\n\n<p>Batres Guadarrama estuvo en las listas que dos veces en d\u00edas distintos vot\u00f3 el Senado y que no logr\u00f3 el aval como se preve\u00eda, ello porque los legisladores guindas y sus aliados del PT y PVEM no lograron los consensos necesarios para impulsar su aprobaci\u00f3n junto a los pol\u00edticos opositores.<br><\/p>\n\n\n\n<p>Una vez que el tabasque\u00f1o defini\u00f3 este nombramiento, la Corte tiene cuatro ministros afines a Morena, de un total de 11.<\/p>\n\n\n\n<figure class=\"wp-block-image size-large\"><img loading=\"lazy\" decoding=\"async\" width=\"1024\" height=\"503\" src=\"https:\/\/elinformante.mx\/wp-content\/uploads\/2023\/12\/LENIA-3-1024x503.jpg\" alt=\"\" class=\"wp-image-43700\" srcset=\"https:\/\/elinformante.mx\/wp-content\/uploads\/2023\/12\/LENIA-3-1024x503.jpg 1024w, https:\/\/elinformante.mx\/wp-content\/uploads\/2023\/12\/LENIA-3-300x147.jpg 300w, https:\/\/elinformante.mx\/wp-content\/uploads\/2023\/12\/LENIA-3-768x377.jpg 768w, https:\/\/elinformante.mx\/wp-content\/uploads\/2023\/12\/LENIA-3-580x285.jpg 580w, https:\/\/elinformante.mx\/wp-content\/uploads\/2023\/12\/LENIA-3-860x422.jpg 860w, https:\/\/elinformante.mx\/wp-content\/uploads\/2023\/12\/LENIA-3.jpg 1140w\" sizes=\"(max-width: 1024px) 100vw, 1024px\" \/><\/figure>\n","protected":false},"excerpt":{"rendered":"<p>El presidente Andr\u00e9s Manuel L\u00f3pez Obrador propuso a tres mujeres para sustituir el cargo que dej\u00f3 el exMinistro Zald\u00edvar. Lenia Batres Guadarrama fue designada por el presidente Andr\u00e9s Manuel L\u00f3pez Obrador como nueva ministra de la Suprema Corte de Justicia de la Naci\u00f3n (SCJN). Al t\u00e9rmino de la conferencia ma\u00f1anera el jefe del Ejecutivo se [&hellip;]<\/p>\n","protected":false},"author":1,"featured_media":43696,"comment_status":"closed","ping_status":"closed","sticky":false,"template":"","format":"standard","meta":{"footnotes":""},"categories":[30,31],"tags":[],"class_list":["post-43695","post","type-post","status-publish","format-standard","has-post-thumbnail","hentry","category-destacado","category-portada"],"_links":{"self":[{"href":"https:\/\/elinformante.mx\/index.php?rest_route=\/wp\/v2\/posts\/43695","targetHints":{"allow":["GET"]}}],"collection":[{"href":"https:\/\/elinformante.mx\/index.php?rest_route=\/wp\/v2\/posts"}],"about":[{"href":"https:\/\/elinformante.mx\/index.php?rest_route=\/wp\/v2\/types\/post"}],"author":[{"embeddable":true,"href":"https:\/\/elinformante.mx\/index.php?rest_route=\/wp\/v2\/users\/1"}],"replies":[{"embeddable":true,"href":"https:\/\/elinformante.mx\/index.php?rest_route=%2Fwp%2Fv2%2Fcomments&post=43695"}],"version-history":[{"count":0,"href":"https:\/\/elinformante.mx\/index.php?rest_route=\/wp\/v2\/posts\/43695\/revisions"}],"wp:featuredmedia":[{"embeddable":true,"href":"https:\/\/elinformante.mx\/index.php?rest_route=\/wp\/v2\/media\/43696"}],"wp:attachment":[{"href":"https:\/\/elinformante.mx\/index.php?rest_route=%2Fwp%2Fv2%2Fmedia&parent=43695"}],"wp:term":[{"taxonomy":"category","embeddable":true,"href":"https:\/\/elinformante.mx\/index.php?rest_route=%2Fwp%2Fv2%2Fcategories&post=43695"},{"taxonomy":"post_tag","embeddable":true,"href":"https:\/\/elinformante.mx\/index.php?rest_route=%2Fwp%2Fv2%2Ftags&post=43695"}],"curies":[{"name":"wp","href":"https:\/\/api.w.org\/{rel}","templated":true}]}}