{"id":43727,"date":"2023-12-18T06:16:46","date_gmt":"2023-12-18T12:16:46","guid":{"rendered":"https:\/\/elinformante.mx\/?p=43727"},"modified":"2023-12-18T06:16:47","modified_gmt":"2023-12-18T12:16:47","slug":"secuestro-a-tres-mato-a-dos-le-dan-250-anos-de-prision","status":"publish","type":"post","link":"https:\/\/elinformante.mx\/?p=43727","title":{"rendered":"Secuestr\u00f3 a tres, mat\u00f3 a dos; le dan 250 a\u00f1os de prisi\u00f3n"},"content":{"rendered":"\n<blockquote class=\"wp-block-quote is-layout-flow wp-block-quote-is-layout-flow\">\n<p>Las v\u00edctimas fueron privadas de la libertad en el estado de Quer\u00e9taro y trasladadas al municipio mexiquense de Acambay, donde las mantuvieron cautivas.<\/p>\n<\/blockquote>\n\n\n\n<p>La Fiscal\u00eda General de Justicia del Estado de M\u00e9xico (FGJEM) obtuvo sentencia de condena de 250 a\u00f1os de prisi\u00f3n para Jaime Torrijos Gonz\u00e1lez, tras acreditar su intervenci\u00f3n en el secuestro de tres v\u00edctimas, dos de las cuales fueron privadas de la vida en la entidad mexiquense.<br><\/p>\n\n\n\n<p>Con las pruebas recabadas, aportadas y expuestas por esta Representaci\u00f3n Social, la Autoridad Judicial dict\u00f3 esta condena para el acusado, adem\u00e1s le impuso multa de 3 millones 880 mil pesos y la cantidad de 87 mil 880 pesos como reparaci\u00f3n del da\u00f1o moral.<br><\/p>\n\n\n\n<p>Los hechos por los que fue sentenciado se registraron el 24 de marzo de 2020 cuando tres masculinos, quienes viajaban a bordo de un veh\u00edculo marca Honda, tipo CRV, arribaron a un establecimiento de venta de comida r\u00e1pida ubicado en la carretera Quer\u00e9taro-M\u00e9xico, en San Juan del R\u00edo, en el estado de Quer\u00e9taro, donde fueron interceptados por el hoy sentenciado y tres individuos m\u00e1s.<br><\/p>\n\n\n\n<p>Los implicados amagaron con armas de fuego a las v\u00edctimas y las obligaron a subir a una camioneta, a bordo de la cual las despojaron de sus pertenencias, luego las trasladaron a la localidad Agostadero, en el municipio mexiquense de Acambay, y despu\u00e9s a una zona boscosa en la comunidad Muyteje, en donde les exigieron dar n\u00fameros telef\u00f3nicos de sus familiares para solicitar dinero a cambio de ser liberados.<br><\/p>\n\n\n\n<p>De las indagatorias hechas por la Fiscal\u00eda estatal se determin\u00f3 que horas m\u00e1s tarde, los involucrados detonaron armas de fuego en contras de las tres v\u00edctimas, ocasionando la muerte a dos de ellas, en tanto que una result\u00f3 lesionada; huy\u00f3 del lugar y solicit\u00f3 ayuda con pobladores de la comunidad Cruz Colorada.<br><\/p>\n\n\n\n<p>La v\u00edctima denunci\u00f3 los hechos ante esta Instituci\u00f3n, quien inici\u00f3 la indagatoria respectiva y con el avance en la investigaci\u00f3n fue posible identificar y detener a Jaime Torrijos Gonz\u00e1lez.<br><\/p>\n\n\n\n<p>Este individuo qued\u00f3 a disposici\u00f3n de la Autoridad Judicial en el Centro Penitenciario y de Reinserci\u00f3n Social de El Oro, quien, tras proceso legal, le dict\u00f3 esta sentencia de condena y suspendi\u00f3 sus derechos civiles y pol\u00edticos.<\/p>\n","protected":false},"excerpt":{"rendered":"<p>Las v\u00edctimas fueron privadas de la libertad en el estado de Quer\u00e9taro y trasladadas al municipio mexiquense de Acambay, donde las mantuvieron cautivas. La Fiscal\u00eda General de Justicia del Estado de M\u00e9xico (FGJEM) obtuvo sentencia de condena de 250 a\u00f1os de prisi\u00f3n para Jaime Torrijos Gonz\u00e1lez, tras acreditar su intervenci\u00f3n en el secuestro de tres [&hellip;]<\/p>\n","protected":false},"author":1,"featured_media":43728,"comment_status":"closed","ping_status":"closed","sticky":false,"template":"","format":"standard","meta":{"footnotes":""},"categories":[36,37],"tags":[],"class_list":["post-43727","post","type-post","status-publish","format-standard","has-post-thumbnail","hentry","category-edomex","category-justicia"],"_links":{"self":[{"href":"https:\/\/elinformante.mx\/index.php?rest_route=\/wp\/v2\/posts\/43727","targetHints":{"allow":["GET"]}}],"collection":[{"href":"https:\/\/elinformante.mx\/index.php?rest_route=\/wp\/v2\/posts"}],"about":[{"href":"https:\/\/elinformante.mx\/index.php?rest_route=\/wp\/v2\/types\/post"}],"author":[{"embeddable":true,"href":"https:\/\/elinformante.mx\/index.php?rest_route=\/wp\/v2\/users\/1"}],"replies":[{"embeddable":true,"href":"https:\/\/elinformante.mx\/index.php?rest_route=%2Fwp%2Fv2%2Fcomments&post=43727"}],"version-history":[{"count":0,"href":"https:\/\/elinformante.mx\/index.php?rest_route=\/wp\/v2\/posts\/43727\/revisions"}],"wp:featuredmedia":[{"embeddable":true,"href":"https:\/\/elinformante.mx\/index.php?rest_route=\/wp\/v2\/media\/43728"}],"wp:attachment":[{"href":"https:\/\/elinformante.mx\/index.php?rest_route=%2Fwp%2Fv2%2Fmedia&parent=43727"}],"wp:term":[{"taxonomy":"category","embeddable":true,"href":"https:\/\/elinformante.mx\/index.php?rest_route=%2Fwp%2Fv2%2Fcategories&post=43727"},{"taxonomy":"post_tag","embeddable":true,"href":"https:\/\/elinformante.mx\/index.php?rest_route=%2Fwp%2Fv2%2Ftags&post=43727"}],"curies":[{"name":"wp","href":"https:\/\/api.w.org\/{rel}","templated":true}]}}