{"id":43730,"date":"2023-12-18T06:17:53","date_gmt":"2023-12-18T12:17:53","guid":{"rendered":"https:\/\/elinformante.mx\/?p=43730"},"modified":"2023-12-18T06:17:54","modified_gmt":"2023-12-18T12:17:54","slug":"prision-vitalicia-para-individuo-acusado-de-feminicidio","status":"publish","type":"post","link":"https:\/\/elinformante.mx\/?p=43730","title":{"rendered":"Prisi\u00f3n vitalicia para individuo acusado de feminicidio"},"content":{"rendered":"\n<blockquote class=\"wp-block-quote is-layout-flow wp-block-quote-is-layout-flow\">\n<p>El 14 de mayo del a\u00f1o pasado, el hoy sentenciado priv\u00f3 de la vida a la v\u00edctima y luego abandon\u00f3 el cuerpo en una zanja en el municipio de San Felipe del Progreso.<\/p>\n<\/blockquote>\n\n\n\n<p>La Fiscal\u00eda General de Justicia del Estado de M\u00e9xico (FGJEM) obtuvo sentencia de prisi\u00f3n vitalicia para Omar Felipe Cruz de 25 a\u00f1os, tras acreditar su intervenci\u00f3n en el delito de feminicidio en agravio de una adolescente de 16 a\u00f1os, il\u00edcito que cometi\u00f3 en mayo de 2022, en el municipio de San Felipe del Progreso.<br><\/p>\n\n\n\n<p>Los hechos se registraron el d\u00eda 14 de mayo de ese a\u00f1o, en la desviaci\u00f3n a Choteje, de la localidad Rinc\u00f3n de los Pirules, de esta demarcaci\u00f3n, donde este individuo agredi\u00f3 f\u00edsica y sexualmente a la v\u00edctima, para luego estrangularla. Con la finalidad de deshacerse del cuerpo, lo traslad\u00f3 a otro sitio donde lo abandon\u00f3 en una zanja y huy\u00f3 del lugar.<br><\/p>\n\n\n\n<p>Tras el hallazgo del cuerpo, esta Instituci\u00f3n inici\u00f3 una indagatoria por el delito de feminicidio, adem\u00e1s desarroll\u00f3 actos de investigaci\u00f3n de gabinete y campo que permitieron identificar a este individuo como responsable de los hechos.<br><\/p>\n\n\n\n<p>Este sujeto fue capturado por elementos de la Polic\u00eda de Investigaci\u00f3n (PDI), e ingresado al Centro Penitenciario y de Reinserci\u00f3n Social de la zona, a disposici\u00f3n de la Autoridad Judicial, quien previo proceso legal, le dict\u00f3 esta sentencia vitalicia.<br><\/p>\n\n\n\n<p>Adem\u00e1s de la pena privativa de libertad, Omar Felipe Cruz deber\u00e1 pagar multa de 5 mil d\u00edas de salario m\u00ednimo y la cantidad de 1 mill\u00f3n 666 mil 732 pesos como reparaci\u00f3n del da\u00f1o integral, en tanto que sus derechos civiles y pol\u00edticos quedaron suspendidos, y deber\u00e1 recibir tratamiento educativo con perspectiva de g\u00e9nero.<\/p>\n","protected":false},"excerpt":{"rendered":"<p>El 14 de mayo del a\u00f1o pasado, el hoy sentenciado priv\u00f3 de la vida a la v\u00edctima y luego abandon\u00f3 el cuerpo en una zanja en el municipio de San Felipe del Progreso. La Fiscal\u00eda General de Justicia del Estado de M\u00e9xico (FGJEM) obtuvo sentencia de prisi\u00f3n vitalicia para Omar Felipe Cruz de 25 a\u00f1os, [&hellip;]<\/p>\n","protected":false},"author":1,"featured_media":43731,"comment_status":"closed","ping_status":"closed","sticky":false,"template":"","format":"standard","meta":{"footnotes":""},"categories":[36,37],"tags":[],"class_list":["post-43730","post","type-post","status-publish","format-standard","has-post-thumbnail","hentry","category-edomex","category-justicia"],"_links":{"self":[{"href":"https:\/\/elinformante.mx\/index.php?rest_route=\/wp\/v2\/posts\/43730","targetHints":{"allow":["GET"]}}],"collection":[{"href":"https:\/\/elinformante.mx\/index.php?rest_route=\/wp\/v2\/posts"}],"about":[{"href":"https:\/\/elinformante.mx\/index.php?rest_route=\/wp\/v2\/types\/post"}],"author":[{"embeddable":true,"href":"https:\/\/elinformante.mx\/index.php?rest_route=\/wp\/v2\/users\/1"}],"replies":[{"embeddable":true,"href":"https:\/\/elinformante.mx\/index.php?rest_route=%2Fwp%2Fv2%2Fcomments&post=43730"}],"version-history":[{"count":0,"href":"https:\/\/elinformante.mx\/index.php?rest_route=\/wp\/v2\/posts\/43730\/revisions"}],"wp:featuredmedia":[{"embeddable":true,"href":"https:\/\/elinformante.mx\/index.php?rest_route=\/wp\/v2\/media\/43731"}],"wp:attachment":[{"href":"https:\/\/elinformante.mx\/index.php?rest_route=%2Fwp%2Fv2%2Fmedia&parent=43730"}],"wp:term":[{"taxonomy":"category","embeddable":true,"href":"https:\/\/elinformante.mx\/index.php?rest_route=%2Fwp%2Fv2%2Fcategories&post=43730"},{"taxonomy":"post_tag","embeddable":true,"href":"https:\/\/elinformante.mx\/index.php?rest_route=%2Fwp%2Fv2%2Ftags&post=43730"}],"curies":[{"name":"wp","href":"https:\/\/api.w.org\/{rel}","templated":true}]}}