{"id":43740,"date":"2023-12-18T06:22:31","date_gmt":"2023-12-18T12:22:31","guid":{"rendered":"https:\/\/elinformante.mx\/?p=43740"},"modified":"2023-12-18T06:22:32","modified_gmt":"2023-12-18T12:22:32","slug":"organiza-secretaria-de-movilidad-foro-participativo-colibri-sobre-ruedas","status":"publish","type":"post","link":"https:\/\/elinformante.mx\/?p=43740","title":{"rendered":"Organiza Secretar\u00eda de Movilidad Foro participativo \u201cColibr\u00ed Sobre Ruedas\u201d"},"content":{"rendered":"\n<blockquote class=\"wp-block-quote is-layout-flow wp-block-quote-is-layout-flow\">\n<p>Se realizar\u00e1 un diagn\u00f3stico de las ciclov\u00edas para elaborar un plan en el Valle de Toluca y el Valle de M\u00e9xico.<\/p>\n<\/blockquote>\n\n\n\n<p>Con el prop\u00f3sito de realizar un diagn\u00f3stico de las ciclov\u00edas en el Valle de Toluca y del Valle de M\u00e9xico y fomentar la movilidad activa de las y los mexiquenses, la Secretar\u00eda de Movilidad realiz\u00f3 el Foro Participativo Colibr\u00ed Sobre Ruedas.<br><\/p>\n\n\n\n<p>Durante el evento, Daniel Andr\u00e9s Sibaja Gonz\u00e1lez, titular de la dependencia indic\u00f3, tiene el prop\u00f3sito de realizar un diagn\u00f3stico de las ciclov\u00edas actuales en la zona metropolitana del Valle de Toluca, como primera etapa y, posteriormente, atender las necesidades de los peatones, ciclistas y comerciantes de manera conjunta.<br><\/p>\n\n\n\n<p>Mencion\u00f3 que la movilidad activa incluye el uso de la bicicleta, la patineta, patines o cualquier otro que utilice como motor nuestro propio cuerpo y sea una herramienta de traslado confiable, seguro y amigable con el medio ambiente.<br><\/p>\n\n\n\n<p>Sibaja Gonz\u00e1lez se\u00f1al\u00f3 que la implementaci\u00f3n de ciclov\u00edas es una prioridad para la Maestra Delfina G\u00f3mez \u00c1lvarez, Gobernadora del Estado de M\u00e9xico, quien con El Poder de Servir ha dejado claro que la mejor pol\u00edtica p\u00fablica es atender a los m\u00e1s vulnerables y, en este caso, los m\u00e1s vulnerables son el peat\u00f3n y el ciclista.<br><\/p>\n\n\n\n<figure class=\"wp-block-image size-large\"><img fetchpriority=\"high\" decoding=\"async\" width=\"1024\" height=\"503\" src=\"https:\/\/elinformante.mx\/wp-content\/uploads\/2023\/12\/ORGANIZA-SECRETARIA-2-1024x503.jpg\" alt=\"\" class=\"wp-image-43742\" srcset=\"https:\/\/elinformante.mx\/wp-content\/uploads\/2023\/12\/ORGANIZA-SECRETARIA-2-1024x503.jpg 1024w, https:\/\/elinformante.mx\/wp-content\/uploads\/2023\/12\/ORGANIZA-SECRETARIA-2-300x147.jpg 300w, https:\/\/elinformante.mx\/wp-content\/uploads\/2023\/12\/ORGANIZA-SECRETARIA-2-768x377.jpg 768w, https:\/\/elinformante.mx\/wp-content\/uploads\/2023\/12\/ORGANIZA-SECRETARIA-2-580x285.jpg 580w, https:\/\/elinformante.mx\/wp-content\/uploads\/2023\/12\/ORGANIZA-SECRETARIA-2-860x422.jpg 860w, https:\/\/elinformante.mx\/wp-content\/uploads\/2023\/12\/ORGANIZA-SECRETARIA-2.jpg 1140w\" sizes=\"(max-width: 1024px) 100vw, 1024px\" \/><\/figure>\n\n\n\n<p>El funcionario mexiquense dijo que las ciclov\u00edas se realizar\u00e1n en coordinaci\u00f3n y participaci\u00f3n de la ciudadan\u00eda, con la visi\u00f3n del Derecho Humano a la Ciudad, con Perspectiva de G\u00e9nero e Interseccionalidad.<br><\/p>\n\n\n\n<p>En el Foro estuvo dividido en cuatro mesas tem\u00e1ticas: Estado de la ciclov\u00eda, Seguridad de la ciclov\u00eda, Equipamiento urbano de la ciclov\u00eda y Espacios p\u00fablicos a lo largo de la ciclov\u00eda, con el fin de identificar la problem\u00e1tica en cada mesa y generar soluciones, y cont\u00f3 con la participaci\u00f3n de directores generales, coordinadores, directores de \u00e1rea, colectivos ciclistas, activistas, organizaciones sociales.<br><\/p>\n\n\n\n<p>El Secretario Daniel Sibaja se comprometi\u00f3 a dar seguimiento a los avances que se tengan en el di\u00e1logo de las ciclov\u00edas y a analizar las soluciones junto con la ciudadan\u00eda.<br><\/p>\n\n\n\n<p>Finalmente, el Titular de Movilidad anunci\u00f3 que en breve se iniciar\u00e1 un programa de bicicletas p\u00fablicas en el Valle de Toluca, similar al que ya existe en la Ciudad de M\u00e9xico.<\/p>\n","protected":false},"excerpt":{"rendered":"<p>Se realizar\u00e1 un diagn\u00f3stico de las ciclov\u00edas para elaborar un plan en el Valle de Toluca y el Valle de M\u00e9xico. Con el prop\u00f3sito de realizar un diagn\u00f3stico de las ciclov\u00edas en el Valle de Toluca y del Valle de M\u00e9xico y fomentar la movilidad activa de las y los mexiquenses, la Secretar\u00eda de Movilidad [&hellip;]<\/p>\n","protected":false},"author":1,"featured_media":43741,"comment_status":"closed","ping_status":"closed","sticky":false,"template":"","format":"standard","meta":{"footnotes":""},"categories":[30,36],"tags":[],"class_list":["post-43740","post","type-post","status-publish","format-standard","has-post-thumbnail","hentry","category-destacado","category-edomex"],"_links":{"self":[{"href":"https:\/\/elinformante.mx\/index.php?rest_route=\/wp\/v2\/posts\/43740","targetHints":{"allow":["GET"]}}],"collection":[{"href":"https:\/\/elinformante.mx\/index.php?rest_route=\/wp\/v2\/posts"}],"about":[{"href":"https:\/\/elinformante.mx\/index.php?rest_route=\/wp\/v2\/types\/post"}],"author":[{"embeddable":true,"href":"https:\/\/elinformante.mx\/index.php?rest_route=\/wp\/v2\/users\/1"}],"replies":[{"embeddable":true,"href":"https:\/\/elinformante.mx\/index.php?rest_route=%2Fwp%2Fv2%2Fcomments&post=43740"}],"version-history":[{"count":0,"href":"https:\/\/elinformante.mx\/index.php?rest_route=\/wp\/v2\/posts\/43740\/revisions"}],"wp:featuredmedia":[{"embeddable":true,"href":"https:\/\/elinformante.mx\/index.php?rest_route=\/wp\/v2\/media\/43741"}],"wp:attachment":[{"href":"https:\/\/elinformante.mx\/index.php?rest_route=%2Fwp%2Fv2%2Fmedia&parent=43740"}],"wp:term":[{"taxonomy":"category","embeddable":true,"href":"https:\/\/elinformante.mx\/index.php?rest_route=%2Fwp%2Fv2%2Fcategories&post=43740"},{"taxonomy":"post_tag","embeddable":true,"href":"https:\/\/elinformante.mx\/index.php?rest_route=%2Fwp%2Fv2%2Ftags&post=43740"}],"curies":[{"name":"wp","href":"https:\/\/api.w.org\/{rel}","templated":true}]}}