{"id":43747,"date":"2023-12-18T06:26:29","date_gmt":"2023-12-18T12:26:29","guid":{"rendered":"https:\/\/elinformante.mx\/?p=43747"},"modified":"2023-12-18T06:27:03","modified_gmt":"2023-12-18T12:27:03","slug":"cumple-fernando-flores-fernandez-con-sus-compromisos","status":"publish","type":"post","link":"https:\/\/elinformante.mx\/?p=43747","title":{"rendered":"Cumple Fernando Flores Fern\u00e1ndez con sus compromisos"},"content":{"rendered":"\n<blockquote class=\"wp-block-quote is-layout-flow wp-block-quote-is-layout-flow\">\n<p>Hizo entrega de rehabilitaci\u00f3n integral de Avenida Gobernadores.<\/p>\n<\/blockquote>\n\n\n\n<p>El presidente municipal de Metepec, Fernando Flores Fern\u00e1ndez, tiene caro que ante las voces que \u201cinsultan y denigran, lo importante es defender al municipio y seguir con la tarea de hacerlo grande.<br><\/p>\n\n\n\n<p>Lo anterior fue expresado por el presidente municipal al hacer entrega de la rehabilitaci\u00f3n integral de la Avenida Gobernadores en sus dos sentidos. Esta era una asignatura pendiente desde hace 30 a\u00f1os.<br><\/p>\n\n\n\n<p>En su mensaje dijo: \u201cPara cada insulto y agresi\u00f3n tenemos una propuesta de acci\u00f3n que favorece a la poblaci\u00f3n, estamos haciendo historia y lo vamos a seguir haciendo\u201d.<br><\/p>\n\n\n\n<figure class=\"wp-block-image size-large\"><img fetchpriority=\"high\" decoding=\"async\" width=\"1024\" height=\"503\" src=\"https:\/\/elinformante.mx\/wp-content\/uploads\/2023\/12\/CUMPLE-FERNANDO-2-1024x503.jpg\" alt=\"\" class=\"wp-image-43749\" srcset=\"https:\/\/elinformante.mx\/wp-content\/uploads\/2023\/12\/CUMPLE-FERNANDO-2-1024x503.jpg 1024w, https:\/\/elinformante.mx\/wp-content\/uploads\/2023\/12\/CUMPLE-FERNANDO-2-300x147.jpg 300w, https:\/\/elinformante.mx\/wp-content\/uploads\/2023\/12\/CUMPLE-FERNANDO-2-768x377.jpg 768w, https:\/\/elinformante.mx\/wp-content\/uploads\/2023\/12\/CUMPLE-FERNANDO-2-580x285.jpg 580w, https:\/\/elinformante.mx\/wp-content\/uploads\/2023\/12\/CUMPLE-FERNANDO-2-860x422.jpg 860w, https:\/\/elinformante.mx\/wp-content\/uploads\/2023\/12\/CUMPLE-FERNANDO-2.jpg 1140w\" sizes=\"(max-width: 1024px) 100vw, 1024px\" \/><\/figure>\n\n\n\n<p>Pasaron m\u00e1s de 30 a\u00f1os para que, en Metepec, la avenida Gobernadores en el fraccionamiento Rancho San Francisco, de Infonavit, fuera intervenida de ra\u00edz, lo cual motiv\u00f3 que, en coro, habitantes de la zona exigieran al mun\u00edcipe \u201ctres a\u00f1os m\u00e1s, tres a\u00f1os m\u00e1s\u201d.<br><\/p>\n\n\n\n<p>Los vecinos agradecieron a Fernando Flores Fern\u00e1ndez la rehabilitaci\u00f3n de la v\u00eda en sus dos sentidos, pues, despu\u00e9s de d\u00e9cadas de olvido finalmente la arteria hoy digna de transitar tanto para peatones como para automovilistas.<br><\/p>\n\n\n\n<figure class=\"wp-block-image size-large\"><img decoding=\"async\" width=\"1024\" height=\"503\" src=\"https:\/\/elinformante.mx\/wp-content\/uploads\/2023\/12\/CUMPLE-FERNANDO-3-1024x503.jpg\" alt=\"\" class=\"wp-image-43751\" srcset=\"https:\/\/elinformante.mx\/wp-content\/uploads\/2023\/12\/CUMPLE-FERNANDO-3-1024x503.jpg 1024w, https:\/\/elinformante.mx\/wp-content\/uploads\/2023\/12\/CUMPLE-FERNANDO-3-300x147.jpg 300w, https:\/\/elinformante.mx\/wp-content\/uploads\/2023\/12\/CUMPLE-FERNANDO-3-768x377.jpg 768w, https:\/\/elinformante.mx\/wp-content\/uploads\/2023\/12\/CUMPLE-FERNANDO-3-580x285.jpg 580w, https:\/\/elinformante.mx\/wp-content\/uploads\/2023\/12\/CUMPLE-FERNANDO-3-860x422.jpg 860w, https:\/\/elinformante.mx\/wp-content\/uploads\/2023\/12\/CUMPLE-FERNANDO-3.jpg 1140w\" sizes=\"(max-width: 1024px) 100vw, 1024px\" \/><\/figure>\n\n\n\n<p>El presidente municipal entreg\u00f3 la obra en menos de dos meses, tiempo menor a lo programado originalmente, lo que gener\u00f3 j\u00fabilo entre cientos de asistentes.<br><\/p>\n\n\n\n<p>La obra, es la repavimentaci\u00f3n en ambos sentidos de la avenida Gobernadores, de Cruz de G\u00e1lvez a Manuel J. Clouthier, en esta \u00faltima se complement\u00f3 el tramo hasta la calle Vicente Guerrero en el Barrio de Coaxustenco; tuvo una inversi\u00f3n de 31 millones de pesos y favorece a m\u00e1s de 22 mil ciudadanos de la zona, la de mayor \u00edndice demogr\u00e1fico de la demarcaci\u00f3n.<\/p>\n","protected":false},"excerpt":{"rendered":"<p>Hizo entrega de rehabilitaci\u00f3n integral de Avenida Gobernadores. El presidente municipal de Metepec, Fernando Flores Fern\u00e1ndez, tiene caro que ante las voces que \u201cinsultan y denigran, lo importante es defender al municipio y seguir con la tarea de hacerlo grande. Lo anterior fue expresado por el presidente municipal al hacer entrega de la rehabilitaci\u00f3n integral [&hellip;]<\/p>\n","protected":false},"author":1,"featured_media":43748,"comment_status":"closed","ping_status":"closed","sticky":false,"template":"","format":"standard","meta":{"footnotes":""},"categories":[30,36],"tags":[],"class_list":["post-43747","post","type-post","status-publish","format-standard","has-post-thumbnail","hentry","category-destacado","category-edomex"],"_links":{"self":[{"href":"https:\/\/elinformante.mx\/index.php?rest_route=\/wp\/v2\/posts\/43747","targetHints":{"allow":["GET"]}}],"collection":[{"href":"https:\/\/elinformante.mx\/index.php?rest_route=\/wp\/v2\/posts"}],"about":[{"href":"https:\/\/elinformante.mx\/index.php?rest_route=\/wp\/v2\/types\/post"}],"author":[{"embeddable":true,"href":"https:\/\/elinformante.mx\/index.php?rest_route=\/wp\/v2\/users\/1"}],"replies":[{"embeddable":true,"href":"https:\/\/elinformante.mx\/index.php?rest_route=%2Fwp%2Fv2%2Fcomments&post=43747"}],"version-history":[{"count":0,"href":"https:\/\/elinformante.mx\/index.php?rest_route=\/wp\/v2\/posts\/43747\/revisions"}],"wp:featuredmedia":[{"embeddable":true,"href":"https:\/\/elinformante.mx\/index.php?rest_route=\/wp\/v2\/media\/43748"}],"wp:attachment":[{"href":"https:\/\/elinformante.mx\/index.php?rest_route=%2Fwp%2Fv2%2Fmedia&parent=43747"}],"wp:term":[{"taxonomy":"category","embeddable":true,"href":"https:\/\/elinformante.mx\/index.php?rest_route=%2Fwp%2Fv2%2Fcategories&post=43747"},{"taxonomy":"post_tag","embeddable":true,"href":"https:\/\/elinformante.mx\/index.php?rest_route=%2Fwp%2Fv2%2Ftags&post=43747"}],"curies":[{"name":"wp","href":"https:\/\/api.w.org\/{rel}","templated":true}]}}