{"id":43754,"date":"2023-12-18T06:28:43","date_gmt":"2023-12-18T12:28:43","guid":{"rendered":"https:\/\/elinformante.mx\/?p=43754"},"modified":"2023-12-18T06:31:11","modified_gmt":"2023-12-18T12:31:11","slug":"fortalece-smsem-transparencia-instituye-el-organo-de-evaluacion-y-vigilancia-interna","status":"publish","type":"post","link":"https:\/\/elinformante.mx\/?p=43754","title":{"rendered":"Fortalece SMSEM transparencia: instituye el \u00d3rgano de Evaluaci\u00f3n y Vigilancia Interna"},"content":{"rendered":"\n<blockquote class=\"wp-block-quote is-layout-flow wp-block-quote-is-layout-flow\">\n<p>El VI Consejo Estatal Extraordinario del SMSEM marc\u00f3 un hito al incorporar este \u00d3rgano.<\/p>\n<\/blockquote>\n\n\n\n<p>El Sindicato de Maestros al Servicio del Estado de M\u00e9xico (SMSEM) avanza hacia la consolidaci\u00f3n de una gesti\u00f3n sindical transparente con la implementaci\u00f3n del \u00d3rgano de Evaluaci\u00f3n y Vigilancia Interna, resultado de reformas estatutarias y reglamentarias.<br><\/p>\n\n\n\n<p>Se centrar\u00e1 en la prevenci\u00f3n, detecci\u00f3n y correcci\u00f3n de posibles irregularidades administrativas, garantizando la transparencia en el uso de los recursos.<br><\/p>\n\n\n\n<p>Esta iniciativa, liderada por Marco Aurelio Carbajal, busca dejar a las futuras generaciones un sindicato con cimientos s\u00f3lidos en transparencia.<br><\/p>\n\n\n\n<p>El VI Consejo Estatal Extraordinario del SMSEM marc\u00f3 un hito al incorporar este \u00d3rgano, que se enfocar\u00e1 en prevenir, detectar y corregir posibles irregularidades administrativas. Su misi\u00f3n es garantizar la transparencia en el manejo de recursos provenientes de Convenios de Sueldo y Prestaciones, as\u00ed como velar por la legalidad en las acciones del Comit\u00e9 Ejecutivo Estatal y sus Comisiones Especiales.<br><\/p>\n\n\n\n<p>Este cambio responde a la demanda desde la base sindical de fortalecer las pr\u00e1cticas democr\u00e1ticas y transparentar las operaciones del sindicato. El \u00d3rgano, incluido en el Cap\u00edtulo VI de los Estatutos del SMSEM, trabajar\u00e1 bajo reglamentaci\u00f3n espec\u00edfica para asegurar una administraci\u00f3n en beneficio de las maestras y maestros afiliados.<br><\/p>\n\n\n\n<p>El Delegado Sindical, elegido durante el Congreso Estatal Ordinario, liderar\u00e1 el \u00d3rgano para garantizar que la gesti\u00f3n del SMSEM beneficie exclusivamente a sus afiliados, consolid\u00e1ndolo como el sindicato independiente de trabajadores de la educaci\u00f3n m\u00e1s grande de M\u00e9xico y Am\u00e9rica Latina.<br><\/p>\n\n\n\n<p>La dirigencia encabezada por Marco Aurelio Carbajal Leyva, Secretario General del SMSEM, reafirma su compromiso con la transparencia y el bienestar de los maestros mexiquenses. Con estos cambios, el SMSEM avanza hacia un sindicato m\u00e1s fuerte y orientado a preservar los intereses laborales, econ\u00f3micos, profesionales, de salud y seguridad social de sus miembros.<\/p>\n","protected":false},"excerpt":{"rendered":"<p>El VI Consejo Estatal Extraordinario del SMSEM marc\u00f3 un hito al incorporar este \u00d3rgano. El Sindicato de Maestros al Servicio del Estado de M\u00e9xico (SMSEM) avanza hacia la consolidaci\u00f3n de una gesti\u00f3n sindical transparente con la implementaci\u00f3n del \u00d3rgano de Evaluaci\u00f3n y Vigilancia Interna, resultado de reformas estatutarias y reglamentarias. Se centrar\u00e1 en la prevenci\u00f3n, [&hellip;]<\/p>\n","protected":false},"author":1,"featured_media":43755,"comment_status":"closed","ping_status":"closed","sticky":false,"template":"","format":"standard","meta":{"footnotes":""},"categories":[36],"tags":[],"class_list":["post-43754","post","type-post","status-publish","format-standard","has-post-thumbnail","hentry","category-edomex"],"_links":{"self":[{"href":"https:\/\/elinformante.mx\/index.php?rest_route=\/wp\/v2\/posts\/43754","targetHints":{"allow":["GET"]}}],"collection":[{"href":"https:\/\/elinformante.mx\/index.php?rest_route=\/wp\/v2\/posts"}],"about":[{"href":"https:\/\/elinformante.mx\/index.php?rest_route=\/wp\/v2\/types\/post"}],"author":[{"embeddable":true,"href":"https:\/\/elinformante.mx\/index.php?rest_route=\/wp\/v2\/users\/1"}],"replies":[{"embeddable":true,"href":"https:\/\/elinformante.mx\/index.php?rest_route=%2Fwp%2Fv2%2Fcomments&post=43754"}],"version-history":[{"count":0,"href":"https:\/\/elinformante.mx\/index.php?rest_route=\/wp\/v2\/posts\/43754\/revisions"}],"wp:featuredmedia":[{"embeddable":true,"href":"https:\/\/elinformante.mx\/index.php?rest_route=\/wp\/v2\/media\/43755"}],"wp:attachment":[{"href":"https:\/\/elinformante.mx\/index.php?rest_route=%2Fwp%2Fv2%2Fmedia&parent=43754"}],"wp:term":[{"taxonomy":"category","embeddable":true,"href":"https:\/\/elinformante.mx\/index.php?rest_route=%2Fwp%2Fv2%2Fcategories&post=43754"},{"taxonomy":"post_tag","embeddable":true,"href":"https:\/\/elinformante.mx\/index.php?rest_route=%2Fwp%2Fv2%2Ftags&post=43754"}],"curies":[{"name":"wp","href":"https:\/\/api.w.org\/{rel}","templated":true}]}}