{"id":43759,"date":"2023-12-18T06:32:54","date_gmt":"2023-12-18T12:32:54","guid":{"rendered":"https:\/\/elinformante.mx\/?p=43759"},"modified":"2023-12-18T06:32:56","modified_gmt":"2023-12-18T12:32:56","slug":"reconoce-gobierno-del-edomex-a-la-uaemex-como-espacio-100-libre-de-humo-de-tabaco-y-emisiones","status":"publish","type":"post","link":"https:\/\/elinformante.mx\/?p=43759","title":{"rendered":"Reconoce Gobierno del Edom\u00e9x a la UAEM\u00e9x como espacio 100% libre de humo de tabaco y emisiones"},"content":{"rendered":"\n<blockquote class=\"wp-block-quote is-layout-flow wp-block-quote-is-layout-flow\">\n<p>El rector de la UAEM\u00e9x, Carlos Eduardo Barrera D\u00edaz, recibi\u00f3 de la secretaria de Salud estatal, Macarena Montoya Olvera, el reconocimiento.<\/p>\n<\/blockquote>\n\n\n\n<p>El rector de la Universidad Aut\u00f3noma del Estado de M\u00e9xico (UAEM\u00e9x), Carlos Eduardo Barrera D\u00edaz, a nombre de la comunidad universitaria, recibi\u00f3 de la secretaria de Salud estatal, Macarena Montoya Olvera, el reconocimiento que certifica a esta casa de estudios como un lugar seguro para la salud de acuerdo con el programa \u201cEspacio 100 % libre de humo de tabaco y emisiones\u201d.<br><\/p>\n\n\n\n<p>Asimismo, el rector de la UAEM\u00e9x firm\u00f3 con Montoya Olvera un Convenio General de Colaboraci\u00f3n que beneficiar\u00e1 a ambas instituciones en el desarrollo de actividades del \u00e1rea de la salud encaminadas la superaci\u00f3n acad\u00e9mica, la formaci\u00f3n y la capacitaci\u00f3n profesional, el desarrollo de la ciencia y la tecnolog\u00eda, as\u00ed como la divulgaci\u00f3n de conocimiento.<br><\/p>\n\n\n\n<p>En la Facultad de Medicina, Barrera D\u00edaz expres\u00f3 que la certificaci\u00f3n que se le otorga a la UAEM\u00e9x como un espacio 100 por ciento libre de humo de tabaco y emisiones es un logro significativo que muestra el compromiso con la salud y el bienestar de toda la comunidad universitaria, as\u00ed con promover estilos de vida saludables.<br><\/p>\n\n\n\n<p>\u201cAl erradicar el humo de tabaco en nuestros espacios universitarios estamos evit\u00e1ndonos una serie de problemas graves en la salud, entre estos, enfermedades respiratorias como c\u00e1ncer de pulm\u00f3n, cardiovasculares y una amplia gama de afecciones que perjudican no solo a los fumadores sino tambi\u00e9n a aquellas personas expuestas al humo que est\u00e1n en un segundo plano\u201d, dijo.<br><\/p>\n\n\n\n<figure class=\"wp-block-image size-large\"><img fetchpriority=\"high\" decoding=\"async\" width=\"1024\" height=\"503\" src=\"https:\/\/elinformante.mx\/wp-content\/uploads\/2023\/12\/RECONOCE-GOBIERNO-2-1024x503.jpg\" alt=\"\" class=\"wp-image-43761\" srcset=\"https:\/\/elinformante.mx\/wp-content\/uploads\/2023\/12\/RECONOCE-GOBIERNO-2-1024x503.jpg 1024w, https:\/\/elinformante.mx\/wp-content\/uploads\/2023\/12\/RECONOCE-GOBIERNO-2-300x147.jpg 300w, https:\/\/elinformante.mx\/wp-content\/uploads\/2023\/12\/RECONOCE-GOBIERNO-2-768x377.jpg 768w, https:\/\/elinformante.mx\/wp-content\/uploads\/2023\/12\/RECONOCE-GOBIERNO-2-580x285.jpg 580w, https:\/\/elinformante.mx\/wp-content\/uploads\/2023\/12\/RECONOCE-GOBIERNO-2-860x422.jpg 860w, https:\/\/elinformante.mx\/wp-content\/uploads\/2023\/12\/RECONOCE-GOBIERNO-2.jpg 1140w\" sizes=\"(max-width: 1024px) 100vw, 1024px\" \/><\/figure>\n\n\n\n<p>En tanto, la secretaria de Salud estatal y directora general del Instituto de Salud del Estado de M\u00e9xico reconoci\u00f3 la responsable contribuci\u00f3n de la UAEM\u00e9x en la preservaci\u00f3n de la salud en la poblaci\u00f3n mexiquense.<br><\/p>\n\n\n\n<p>\u201cFue a partir de una comprometida participaci\u00f3n en las actividades de informaci\u00f3n y sensibilizaci\u00f3n sobre los riesgos del consumo del tabaco\u201d, explic\u00f3.<br><\/p>\n\n\n\n<p>Previo a la firma de Convenio, Barrera D\u00edaz y Montoya Olvera realizaron un recorrido en las instalaciones de la Cl\u00ednica Multidisciplinaria (CMS) de Salud de la UAEM\u00e9x, -que encabez\u00f3 su titular, Ana Laura Guadarrama L\u00f3pez-, por sus \u00e1reas de especialidad, auxiliares de diagn\u00f3stico y atenci\u00f3n general.<br><\/p>\n\n\n\n<p>Ah\u00ed, el rector de la UAEM\u00e9x explic\u00f3 la funci\u00f3n social que tiene la CMS al ofrecer servicios de especialidad, entre otros, a costos accesibles para la comunidad universitaria y p\u00fablico en general.<br><\/p>\n\n\n\n<p>Al acto acudieron el secretario de Extensi\u00f3n y Vinculaci\u00f3n de la UAEM\u00e9x, Francisco Zepeda Mondrag\u00f3n; el director de la Facultad de Medicina, Hugo Mendieta Zer\u00f3n; la encargada de despacho de Salud Universitaria, Diana Karen Castro Estrada; el director del Instituto Mexiquense de Salud Mental y Adicciones, Jos\u00e9 Ra\u00fal Naveda L\u00f3pez Padilla; integrantes del gabinete y comunidad universitaria.<\/p>\n","protected":false},"excerpt":{"rendered":"<p>El rector de la UAEM\u00e9x, Carlos Eduardo Barrera D\u00edaz, recibi\u00f3 de la secretaria de Salud estatal, Macarena Montoya Olvera, el reconocimiento. El rector de la Universidad Aut\u00f3noma del Estado de M\u00e9xico (UAEM\u00e9x), Carlos Eduardo Barrera D\u00edaz, a nombre de la comunidad universitaria, recibi\u00f3 de la secretaria de Salud estatal, Macarena Montoya Olvera, el reconocimiento que [&hellip;]<\/p>\n","protected":false},"author":1,"featured_media":43760,"comment_status":"closed","ping_status":"closed","sticky":false,"template":"","format":"standard","meta":{"footnotes":""},"categories":[30,36],"tags":[],"class_list":["post-43759","post","type-post","status-publish","format-standard","has-post-thumbnail","hentry","category-destacado","category-edomex"],"_links":{"self":[{"href":"https:\/\/elinformante.mx\/index.php?rest_route=\/wp\/v2\/posts\/43759","targetHints":{"allow":["GET"]}}],"collection":[{"href":"https:\/\/elinformante.mx\/index.php?rest_route=\/wp\/v2\/posts"}],"about":[{"href":"https:\/\/elinformante.mx\/index.php?rest_route=\/wp\/v2\/types\/post"}],"author":[{"embeddable":true,"href":"https:\/\/elinformante.mx\/index.php?rest_route=\/wp\/v2\/users\/1"}],"replies":[{"embeddable":true,"href":"https:\/\/elinformante.mx\/index.php?rest_route=%2Fwp%2Fv2%2Fcomments&post=43759"}],"version-history":[{"count":0,"href":"https:\/\/elinformante.mx\/index.php?rest_route=\/wp\/v2\/posts\/43759\/revisions"}],"wp:featuredmedia":[{"embeddable":true,"href":"https:\/\/elinformante.mx\/index.php?rest_route=\/wp\/v2\/media\/43760"}],"wp:attachment":[{"href":"https:\/\/elinformante.mx\/index.php?rest_route=%2Fwp%2Fv2%2Fmedia&parent=43759"}],"wp:term":[{"taxonomy":"category","embeddable":true,"href":"https:\/\/elinformante.mx\/index.php?rest_route=%2Fwp%2Fv2%2Fcategories&post=43759"},{"taxonomy":"post_tag","embeddable":true,"href":"https:\/\/elinformante.mx\/index.php?rest_route=%2Fwp%2Fv2%2Ftags&post=43759"}],"curies":[{"name":"wp","href":"https:\/\/api.w.org\/{rel}","templated":true}]}}