{"id":43766,"date":"2023-12-18T06:37:31","date_gmt":"2023-12-18T12:37:31","guid":{"rendered":"https:\/\/elinformante.mx\/?p=43766"},"modified":"2023-12-18T06:37:32","modified_gmt":"2023-12-18T12:37:32","slug":"instruye-gobernadora-delfina-gomez-trabajo-coordinado-para-un-regreso-seguro-a-las-escuelas-en-texcaltitlan","status":"publish","type":"post","link":"https:\/\/elinformante.mx\/?p=43766","title":{"rendered":"Instruye Gobernadora Delfina G\u00f3mez trabajo coordinado para un regreso seguro a las escuelas en Texcaltitl\u00e1n"},"content":{"rendered":"\n<blockquote class=\"wp-block-quote is-layout-flow wp-block-quote-is-layout-flow\">\n<p>Las Secretar\u00edas de Educaci\u00f3n, Ciencia, Tecnolog\u00eda e Innovaci\u00f3n y de Seguridad realizar\u00e1n acciones para retornar a las aulas y reanudar el ciclo escolar.<\/p>\n<\/blockquote>\n\n\n\n<p>La Gobernadora Delfina G\u00f3mez reitera su compromiso de mantener apoyo y seguridad permanente en la zona y, como parte de la atenci\u00f3n integral que se dar\u00e1 a los habitantes de Texcaltitl\u00e1n, asegur\u00f3 que las autoridades educativas y de seguridad del Estado de M\u00e9xico trabajan coordinadamente para que ni\u00f1as, ni\u00f1os y j\u00f3venes puedan retornar a clases de manera segura.<br><\/p>\n\n\n\n<p>Para ello, la Maestra Delfina G\u00f3mez instruy\u00f3 al Secretario de Educaci\u00f3n, Ciencia, Tecnolog\u00eda e Innovaci\u00f3n, Miguel \u00c1ngel Hern\u00e1ndez Espejel, a visitar la comunidad para conocer las necesidades y apoyar a las familias para que sus hijas e hijos no pierdan el ciclo escolar.<br><\/p>\n\n\n\n<p>\u201cEl Secretario de Educaci\u00f3n tambi\u00e9n va a estar por aqu\u00ed, yo creo que la pr\u00f3xima semana. Cada uno de los Secretarios va a venir tambi\u00e9n a trabajar con la comunidad\u201d, afirm\u00f3 la Mandataria estatal durante su segunda visita a Texcapilla, en el municipio de Texcaltitl\u00e1n.<br><\/p>\n\n\n\n<p>Aunado a esto, la Gobernadora mexiquense anunci\u00f3 que se entregar\u00e1n becas a los estudiantes de educaci\u00f3n b\u00e1sica y se mantendr\u00e1 la cobertura en educaci\u00f3n medio superior, para garantizar su permanencia en la escuela.<br><\/p>\n\n\n\n<figure class=\"wp-block-image size-large\"><img fetchpriority=\"high\" decoding=\"async\" width=\"1024\" height=\"503\" src=\"https:\/\/elinformante.mx\/wp-content\/uploads\/2023\/12\/INSTTUYE-GOBERNADORA-2-1024x503.jpg\" alt=\"\" class=\"wp-image-43768\" srcset=\"https:\/\/elinformante.mx\/wp-content\/uploads\/2023\/12\/INSTTUYE-GOBERNADORA-2-1024x503.jpg 1024w, https:\/\/elinformante.mx\/wp-content\/uploads\/2023\/12\/INSTTUYE-GOBERNADORA-2-300x147.jpg 300w, https:\/\/elinformante.mx\/wp-content\/uploads\/2023\/12\/INSTTUYE-GOBERNADORA-2-768x377.jpg 768w, https:\/\/elinformante.mx\/wp-content\/uploads\/2023\/12\/INSTTUYE-GOBERNADORA-2-580x285.jpg 580w, https:\/\/elinformante.mx\/wp-content\/uploads\/2023\/12\/INSTTUYE-GOBERNADORA-2-860x422.jpg 860w, https:\/\/elinformante.mx\/wp-content\/uploads\/2023\/12\/INSTTUYE-GOBERNADORA-2.jpg 1140w\" sizes=\"(max-width: 1024px) 100vw, 1024px\" \/><\/figure>\n\n\n\n<p>Bajo el principio de El Poder de Servir, la Mandataria estatal reiter\u00f3 que su administraci\u00f3n estar\u00e1 cercana a la ciudadan\u00eda, por lo que cada mes se estar\u00e1 enviando ayuda a trav\u00e9s de las diferentes dependencias estatales.<br><\/p>\n\n\n\n<p>La Titular del Ejecutivo estatal se comprometi\u00f3 a dar acompa\u00f1amiento a los pobladores hasta regresar la paz y la tranquilidad a esta regi\u00f3n. Para ello, dijo, se mantendr\u00e1 la presencia de las autoridades de seguridad estatales y federales; as\u00ed como el trabajo coordinado entre la administraci\u00f3n estatal y la sociedad.<br><\/p>\n\n\n\n<p>En este sentido, la Gobernadora hizo un reconocimiento a los elementos de las fuerzas de seguridad desplegadas en la zona.<br><\/p>\n\n\n\n<p>\u201cLes voy a pedir un favor, vamos a reconocer a nuestras fuerzas de seguridad que est\u00e1n aqu\u00ed de la Guardia Nacional y Polic\u00eda Estatal. Yo creo que merecen un aplauso muy fuerte. Gracias por lo que est\u00e1n haciendo, y h\u00e1galo extensivo a su personal porque lo merecen,\u201d expres\u00f3 la Maestra Delfina G\u00f3mez.<br><\/p>\n\n\n\n<p>En esta segunda visita, la Mandataria estatal estuvo acompa\u00f1ada por Horacio Duarte Olivares, Secretario General de Gobierno; Andr\u00e9s Andrade T\u00e9llez, Secretario de Seguridad; Juan Carlos Gonz\u00e1lez Romero, Secretario de Bienestar; y el General Jos\u00e9 Mart\u00edn Luna de la Cruz, Comandante de la 22\u00aa Zona Militar.<\/p>\n","protected":false},"excerpt":{"rendered":"<p>Las Secretar\u00edas de Educaci\u00f3n, Ciencia, Tecnolog\u00eda e Innovaci\u00f3n y de Seguridad realizar\u00e1n acciones para retornar a las aulas y reanudar el ciclo escolar. La Gobernadora Delfina G\u00f3mez reitera su compromiso de mantener apoyo y seguridad permanente en la zona y, como parte de la atenci\u00f3n integral que se dar\u00e1 a los habitantes de Texcaltitl\u00e1n, asegur\u00f3 [&hellip;]<\/p>\n","protected":false},"author":1,"featured_media":43767,"comment_status":"closed","ping_status":"closed","sticky":false,"template":"","format":"standard","meta":{"footnotes":""},"categories":[30,36],"tags":[],"class_list":["post-43766","post","type-post","status-publish","format-standard","has-post-thumbnail","hentry","category-destacado","category-edomex"],"_links":{"self":[{"href":"https:\/\/elinformante.mx\/index.php?rest_route=\/wp\/v2\/posts\/43766","targetHints":{"allow":["GET"]}}],"collection":[{"href":"https:\/\/elinformante.mx\/index.php?rest_route=\/wp\/v2\/posts"}],"about":[{"href":"https:\/\/elinformante.mx\/index.php?rest_route=\/wp\/v2\/types\/post"}],"author":[{"embeddable":true,"href":"https:\/\/elinformante.mx\/index.php?rest_route=\/wp\/v2\/users\/1"}],"replies":[{"embeddable":true,"href":"https:\/\/elinformante.mx\/index.php?rest_route=%2Fwp%2Fv2%2Fcomments&post=43766"}],"version-history":[{"count":0,"href":"https:\/\/elinformante.mx\/index.php?rest_route=\/wp\/v2\/posts\/43766\/revisions"}],"wp:featuredmedia":[{"embeddable":true,"href":"https:\/\/elinformante.mx\/index.php?rest_route=\/wp\/v2\/media\/43767"}],"wp:attachment":[{"href":"https:\/\/elinformante.mx\/index.php?rest_route=%2Fwp%2Fv2%2Fmedia&parent=43766"}],"wp:term":[{"taxonomy":"category","embeddable":true,"href":"https:\/\/elinformante.mx\/index.php?rest_route=%2Fwp%2Fv2%2Fcategories&post=43766"},{"taxonomy":"post_tag","embeddable":true,"href":"https:\/\/elinformante.mx\/index.php?rest_route=%2Fwp%2Fv2%2Ftags&post=43766"}],"curies":[{"name":"wp","href":"https:\/\/api.w.org\/{rel}","templated":true}]}}