{"id":43784,"date":"2023-12-18T06:44:59","date_gmt":"2023-12-18T12:44:59","guid":{"rendered":"https:\/\/elinformante.mx\/?p=43784"},"modified":"2023-12-18T06:45:00","modified_gmt":"2023-12-18T12:45:00","slug":"marti-batres-reconoce-a-policias-de-la-ssc-cdmx","status":"publish","type":"post","link":"https:\/\/elinformante.mx\/?p=43784","title":{"rendered":"Mart\u00ed Batres reconoce a polic\u00edas de la SSC-CDMX"},"content":{"rendered":"\n<blockquote class=\"wp-block-quote is-layout-flow wp-block-quote-is-layout-flow\">\n<p>El jefe de Gobierno de la CDMX encabez\u00f3 en el Hemiciclo a Ju\u00e1rez el Desfile Conmemorativo en el marco del D\u00eda del Polic\u00eda.<\/p>\n<\/blockquote>\n\n\n\n<p>El jefe de Gobierno, Mart\u00ed Batres Guadarrama, encabez\u00f3 en el Hemiciclo a Ju\u00e1rez la Ceremonia de Reconocimiento a la Polic\u00eda de la Ciudad de M\u00e9xico, as\u00ed como el Desfile Conmemorativo en el marco del D\u00eda del Polic\u00eda, con el objetivo de honrar a las mujeres y hombres que diariamente velan por la seguridad de la poblaci\u00f3n.<br><\/p>\n\n\n\n<p>\u201cEstamos reunidos aqu\u00ed, para celebrar un desfile que honra a las mujeres y hombres que proveen seguridad a la ciudadan\u00eda de nuestra gran capital, es un homenaje merecido y es una buena \u00e9poca para celebrarlo. (\u2026) Porque la Ciudad de M\u00e9xico cuenta con la mejor polic\u00eda de toda nuestra Rep\u00fablica. (\u2026) Cada ciudadana y cada ciudadano que requiera su apoyo o asistencia siempre contar\u00e1 con ellas y ellos; contar\u00e1 con su valor, contar\u00e1 con su esp\u00edritu de servicio, por eso desfilan con honor hoy ante Ju\u00e1rez, con orgullo\u201d, expres\u00f3.<br><\/p>\n\n\n\n<figure class=\"wp-block-image size-large\"><img fetchpriority=\"high\" decoding=\"async\" width=\"1024\" height=\"503\" src=\"https:\/\/elinformante.mx\/wp-content\/uploads\/2023\/12\/MARTI-BATRES-2-1024x503.jpg\" alt=\"\" class=\"wp-image-43786\" srcset=\"https:\/\/elinformante.mx\/wp-content\/uploads\/2023\/12\/MARTI-BATRES-2-1024x503.jpg 1024w, https:\/\/elinformante.mx\/wp-content\/uploads\/2023\/12\/MARTI-BATRES-2-300x147.jpg 300w, https:\/\/elinformante.mx\/wp-content\/uploads\/2023\/12\/MARTI-BATRES-2-768x377.jpg 768w, https:\/\/elinformante.mx\/wp-content\/uploads\/2023\/12\/MARTI-BATRES-2-580x285.jpg 580w, https:\/\/elinformante.mx\/wp-content\/uploads\/2023\/12\/MARTI-BATRES-2-860x422.jpg 860w, https:\/\/elinformante.mx\/wp-content\/uploads\/2023\/12\/MARTI-BATRES-2.jpg 1140w\" sizes=\"(max-width: 1024px) 100vw, 1024px\" \/><\/figure>\n\n\n\n<p>Mart\u00ed Batres record\u00f3 la labor de la polic\u00eda Arizbeth Dionicio Ambrosio, quien amamant\u00f3 a un beb\u00e9 durante la emergencia por el Hurac\u00e1n \u201dOtis\u201d; al Agrupamiento C\u00f3ndores, que salvaron a 18 personas en estado grave de salud, al trasladarlas a hospitales de Chilpancingo, Morelos y a la Ciudad de M\u00e9xico, desde Acapulco; y a la polic\u00eda Claudia Mondrag\u00f3n, por detener a dos sujetos que viajaban a bordo de una motocicleta tras cometer un delito; as\u00ed como la memoria de las y los elementos que han perdido la vida en el cumplimiento de su deber.<br><\/p>\n\n\n\n<p>Por su parte, el secretario de Seguridad Ciudadana, Pablo V\u00e1zquez Camacho, detall\u00f3 que en el Desfile participaron 2 mil 719 personas; 138 veh\u00edculos, seis potros, dos ambulancias, una plataforma, tres UNIMOG y tres remolques. Adem\u00e1s, elementos de la Polic\u00eda de Investigaci\u00f3n (PDI) de la Fiscal\u00eda General de Justicia de la Ciudad de M\u00e9xico (FGJCDMX), Secretar\u00eda de la Defensa Nacional (SEDENA), Secretar\u00eda de Marina (SEMAR) y Guardia Nacional (GN), que trabajan de manera coordinada con el Gobierno capitalino para garantizar el bienestar de las y los habitantes, mediante la construcci\u00f3n de una estrategia de seguridad conjunta que contribuye a la reducci\u00f3n de delitos y mejora la percepci\u00f3n de seguridad.<br><\/p>\n\n\n\n<p>Se entregaron ocho reconocimientos: seis por las labores especializadas de auxilio a damnificados de Acapulco, Guerrero, tras el paso del Hurac\u00e1n \u201cOtis\u201d a personal del Escuadr\u00f3n de Rescate y Urgencias M\u00e9dicas (ERUM), de la Unidad de Polic\u00eda Metropolitana (U.P.M.) Fuerza de Tarea y a la Direcci\u00f3n Ejecutiva de Servicios A\u00e9reos.<\/p>\n","protected":false},"excerpt":{"rendered":"<p>El jefe de Gobierno de la CDMX encabez\u00f3 en el Hemiciclo a Ju\u00e1rez el Desfile Conmemorativo en el marco del D\u00eda del Polic\u00eda. El jefe de Gobierno, Mart\u00ed Batres Guadarrama, encabez\u00f3 en el Hemiciclo a Ju\u00e1rez la Ceremonia de Reconocimiento a la Polic\u00eda de la Ciudad de M\u00e9xico, as\u00ed como el Desfile Conmemorativo en el [&hellip;]<\/p>\n","protected":false},"author":1,"featured_media":43785,"comment_status":"closed","ping_status":"closed","sticky":false,"template":"","format":"standard","meta":{"footnotes":""},"categories":[35,30],"tags":[],"class_list":["post-43784","post","type-post","status-publish","format-standard","has-post-thumbnail","hentry","category-cdmx","category-destacado"],"_links":{"self":[{"href":"https:\/\/elinformante.mx\/index.php?rest_route=\/wp\/v2\/posts\/43784","targetHints":{"allow":["GET"]}}],"collection":[{"href":"https:\/\/elinformante.mx\/index.php?rest_route=\/wp\/v2\/posts"}],"about":[{"href":"https:\/\/elinformante.mx\/index.php?rest_route=\/wp\/v2\/types\/post"}],"author":[{"embeddable":true,"href":"https:\/\/elinformante.mx\/index.php?rest_route=\/wp\/v2\/users\/1"}],"replies":[{"embeddable":true,"href":"https:\/\/elinformante.mx\/index.php?rest_route=%2Fwp%2Fv2%2Fcomments&post=43784"}],"version-history":[{"count":0,"href":"https:\/\/elinformante.mx\/index.php?rest_route=\/wp\/v2\/posts\/43784\/revisions"}],"wp:featuredmedia":[{"embeddable":true,"href":"https:\/\/elinformante.mx\/index.php?rest_route=\/wp\/v2\/media\/43785"}],"wp:attachment":[{"href":"https:\/\/elinformante.mx\/index.php?rest_route=%2Fwp%2Fv2%2Fmedia&parent=43784"}],"wp:term":[{"taxonomy":"category","embeddable":true,"href":"https:\/\/elinformante.mx\/index.php?rest_route=%2Fwp%2Fv2%2Fcategories&post=43784"},{"taxonomy":"post_tag","embeddable":true,"href":"https:\/\/elinformante.mx\/index.php?rest_route=%2Fwp%2Fv2%2Ftags&post=43784"}],"curies":[{"name":"wp","href":"https:\/\/api.w.org\/{rel}","templated":true}]}}