{"id":43798,"date":"2023-12-18T06:55:13","date_gmt":"2023-12-18T12:55:13","guid":{"rendered":"https:\/\/elinformante.mx\/?p=43798"},"modified":"2023-12-18T06:55:14","modified_gmt":"2023-12-18T12:55:14","slug":"inician-este-lunes-las-vacaciones-de-invierno-en-escuelas-de-educacion-basica","status":"publish","type":"post","link":"https:\/\/elinformante.mx\/?p=43798","title":{"rendered":"Inician este lunes las vacaciones de invierno en escuelas de educaci\u00f3n b\u00e1sica"},"content":{"rendered":"\n<blockquote class=\"wp-block-quote is-layout-flow wp-block-quote-is-layout-flow\">\n<p>El Calendario Escolar 2023-2024, vigente en las 32 entidades del pa\u00eds, establece 15 d\u00edas de vacaciones este invierno, del 18 al 29 de diciembre de 2023, y del 1 al 5 de enero de 2024.<\/p>\n<\/blockquote>\n\n\n\n<p>La Secretar\u00eda de Educaci\u00f3n P\u00fablica (SEP) inform\u00f3 este domingo que a partir de este lunes 18 de diciembre inician las vacaciones de invierno para 24 millones 93 mil 801 estudiantes y un mill\u00f3n 223 mil 387 docentes de 229 mil 379 escuelas p\u00fablicas y particulares de preescolar, primaria y secundaria.<br><\/p>\n\n\n\n<p>El Calendario Escolar 2023-2024, vigente en las 32 entidades del pa\u00eds, establece 15 d\u00edas de descanso, del 18 al 29 de diciembre de 2023, y del 1 al 5 de enero de 2024, por lo que las comunidades escolares de Educaci\u00f3n B\u00e1sica regresar\u00e1n a las actividades el lunes 8 de enero.<br><\/p>\n\n\n\n<p>La SEP inform\u00f3 adem\u00e1s que el mi\u00e9rcoles 3 enero de 2024 se realizar\u00e1 el Taller Intensivo de Formaci\u00f3n Continua para Directivos, y el 4 y 5 de enero el Consejo T\u00e9cnico Escolar y Taller Intensivo de Formaci\u00f3n Continua para Docentes.<br><\/p>\n\n\n\n<p>Los cinco millones 540 mil 108 estudiantes y 433 mil 494 docentes de las 21 mil 193 escuelas de Educaci\u00f3n Media Superior, en las modalidades escolarizada y no escolarizada, retomar\u00e1n sus actividades el martes 2 de enero.<br><\/p>\n\n\n\n<p>Por su parte, las autoridades escolares de las ocho mil 952 escuelas de Educaci\u00f3n Superior del pa\u00eds determinar\u00e1n el periodo vacacional para los cinco millones 307 mil 471 alumnos y 503 mil 559 maestras y maestros.<\/p>\n","protected":false},"excerpt":{"rendered":"<p>El Calendario Escolar 2023-2024, vigente en las 32 entidades del pa\u00eds, establece 15 d\u00edas de vacaciones este invierno, del 18 al 29 de diciembre de 2023, y del 1 al 5 de enero de 2024. La Secretar\u00eda de Educaci\u00f3n P\u00fablica (SEP) inform\u00f3 este domingo que a partir de este lunes 18 de diciembre inician las [&hellip;]<\/p>\n","protected":false},"author":1,"featured_media":43799,"comment_status":"closed","ping_status":"closed","sticky":false,"template":"","format":"standard","meta":{"footnotes":""},"categories":[34],"tags":[],"class_list":["post-43798","post","type-post","status-publish","format-standard","has-post-thumbnail","hentry","category-nacional"],"_links":{"self":[{"href":"https:\/\/elinformante.mx\/index.php?rest_route=\/wp\/v2\/posts\/43798","targetHints":{"allow":["GET"]}}],"collection":[{"href":"https:\/\/elinformante.mx\/index.php?rest_route=\/wp\/v2\/posts"}],"about":[{"href":"https:\/\/elinformante.mx\/index.php?rest_route=\/wp\/v2\/types\/post"}],"author":[{"embeddable":true,"href":"https:\/\/elinformante.mx\/index.php?rest_route=\/wp\/v2\/users\/1"}],"replies":[{"embeddable":true,"href":"https:\/\/elinformante.mx\/index.php?rest_route=%2Fwp%2Fv2%2Fcomments&post=43798"}],"version-history":[{"count":0,"href":"https:\/\/elinformante.mx\/index.php?rest_route=\/wp\/v2\/posts\/43798\/revisions"}],"wp:featuredmedia":[{"embeddable":true,"href":"https:\/\/elinformante.mx\/index.php?rest_route=\/wp\/v2\/media\/43799"}],"wp:attachment":[{"href":"https:\/\/elinformante.mx\/index.php?rest_route=%2Fwp%2Fv2%2Fmedia&parent=43798"}],"wp:term":[{"taxonomy":"category","embeddable":true,"href":"https:\/\/elinformante.mx\/index.php?rest_route=%2Fwp%2Fv2%2Fcategories&post=43798"},{"taxonomy":"post_tag","embeddable":true,"href":"https:\/\/elinformante.mx\/index.php?rest_route=%2Fwp%2Fv2%2Ftags&post=43798"}],"curies":[{"name":"wp","href":"https:\/\/api.w.org\/{rel}","templated":true}]}}