{"id":43804,"date":"2023-12-18T06:57:32","date_gmt":"2023-12-18T12:57:32","guid":{"rendered":"https:\/\/elinformante.mx\/?p=43804"},"modified":"2023-12-18T06:57:33","modified_gmt":"2023-12-18T12:57:33","slug":"solidaridad-y-desarrollo-dos-signos-para-la-paz-en-el-mundo","status":"publish","type":"post","link":"https:\/\/elinformante.mx\/?p=43804","title":{"rendered":"SOLIDARIDAD Y DESARROLLO; DOS SIGNOS PARA LA PAZ EN EL MUNDO"},"content":{"rendered":"\n<blockquote class=\"wp-block-quote is-layout-flow wp-block-quote-is-layout-flow\">\n<p><strong>Por V\u00edctor Corcoba Herrero<\/strong><\/p>\n<\/blockquote>\n\n\n\n<p>Tenemos que estar abiertos para ofrecernos, no se puede encerrar uno en s\u00ed mismo, necesitamos vivir para los dem\u00e1s antes que para s\u00ed, porque es como se alcanza el bienestar y la realizaci\u00f3n personal. Con esta actitud interior, de entrega y generosidad, avanzamos hacia la concordia, bajo la coalici\u00f3n de lenguajes y en comuni\u00f3n de sentimientos como equipo. En realidad, todos estamos llamados a reconocer este esp\u00edritu solidario, condici\u00f3n inevitable de nuestro transitar sobre la tierra. De lo contario, nos destruiremos m\u00e1s pronto que tarde. Cuanto m\u00e1s compartimos lo vivido, m\u00e1s descubriremos nuestra humanidad com\u00fan. Queda claro, entonces, que no puede haber desarrollo, sino hay una aproximaci\u00f3n de pulsos diversos. En este sentido, los proyectos que sustentan el bien de la humanidad o la buena voluntad entre los moradores, constituyen un paso hacia adelante, en la puesta en pr\u00e1ctica, de forjar alianzas con honorables lazos de cooperaci\u00f3n. De ah\u00ed la importancia, de educarnos en la tolerancia y en la solidaridad, que es lo que nos favorece el desarrollo integral, de cualquier ser humano en formaci\u00f3n permanente.<br><\/p>\n\n\n\n<p>La concurrencia en el impulso cooperador es vital, dado que la adhesi\u00f3n entre latidos pensantes, es una aspiraci\u00f3n universal, para promover el bien de todos y poder alentar las negociaciones bilaterales, en favor de que disminuyan las tensiones. Por desgracia, abundan los testimonios de obst\u00e1culos entre nosotros, debido en parte a posiciones pol\u00edticas e ideol\u00f3gicas, que impiden o limitan que se haga efectivo el apoyo. Cuesta creer, muchas veces, que determinados pa\u00edses levanten muros o que algunos gobiernos establezcan normas discriminatorias contra grupos humanos dentro de la misma naci\u00f3n. De igual modo, resulta inadmisible el cierre arbitrario e injustificado de fronteras, lo cual origina que muchas gentes se sientan encarceladas por sistemas opresores. Por otra parte, tambi\u00e9n prolifera la corriente de enfrentamiento, derramando odio y venganza por todos los rincones, produciendo un aluvi\u00f3n de sufrimiento y tanta destrucci\u00f3n a la sociedad, que es fundamental hacer justicia. Sin duda, el nexo m\u00e1s fuerte de simpat\u00eda radica en la caricia de una mirada. \u00a1D\u00e9mosla!<br><\/p>\n\n\n\n<p>Nos viene bien dejarnos agasajar por la inspiraci\u00f3n del alma. Andamos hambrientos de alegr\u00eda. \u00a1Triste \u00e9poca la nuestra! Hay que despojarse de este orbe injusto a m\u00e1s no poder, hacerlo pronto y sin demora; sabiendo que no hay sosiego sin rectitud, ni tampoco rectitud sin enmienda. Lo importante es despertar la conciencia, mover aires para celebrar nuestro concierto existencial con sonidos variados que armonicen, respetando los acuerdos universales, poniendo en valor el viento de la fidelidad y colocando en acci\u00f3n el mar celeste, para que nos de vida y una vida en satisfacci\u00f3n. Precisamente, la ONU fue fundada en la premisa de la unanimidad y el acuerdo entre sus miembros, expresada en el concepto de seguridad colectiva, que se basa en la lealtad de sus miembros a mancomunarse, para mantener la paz y la seguridad internacionales. Quiz\u00e1s, hoy m\u00e1s nunca, precisemos que el mundo sea solidario, acogi\u00e9ndonos para darnos cobijo, sobre todo entre sectores desfavorecidos. Est\u00e1 visto que unirse es el inicio vivencial perfecto, que reunirse para estar juntos es la mejora en el camino y que trabajar todos a una es la superaci\u00f3n \u00f3ptima.<br><\/p>\n\n\n\n<p>A la luz de este anhelo de aunarse, fundirse o hermanarse, el desarrollo adquiere su trascendencia m\u00edstica, en la medida que nos colma de calma y nos enciende lo bueno, a la comunidad humana, en su totalidad. \u00danicamente de este modo, pasaremos p\u00e1gina a tantos peligros, a un mal uso de los programas de adelanto, dado que la solidaridad nos da el punto exacto para actuar adecuadamente, con la base \u00e9tica de la transparencia, sin que nadie quede excluido, lo cual representa una significativa aportaci\u00f3n para la conciliaci\u00f3n. El d\u00eda en que nos miremos a los ojos para saciarnos de amor, descubriremos el aut\u00e9ntico h\u00e1lito copart\u00edcipe. Esta es nuestra positiva clave para la paz, algo que s\u00f3lo est\u00e1 en nuestras manos. Todo depende, pues, de nosotros, de saber custodiar\/compartiendo. No olvidemos que vivimos en una misma morada y con un destino en dependencia de unos hacia otros, jam\u00e1s de unos sobre otros, porque al fin en nuestra cultura globalizada, tenemos que darnos sanaci\u00f3n con originales formas de hospitalidad familiar, pero tambi\u00e9n con nuevos fondos de humanidad fecunda y sincera.<\/p>\n","protected":false},"excerpt":{"rendered":"<p>Por V\u00edctor Corcoba Herrero Tenemos que estar abiertos para ofrecernos, no se puede encerrar uno en s\u00ed mismo, necesitamos vivir para los dem\u00e1s antes que para s\u00ed, porque es como se alcanza el bienestar y la realizaci\u00f3n personal. Con esta actitud interior, de entrega y generosidad, avanzamos hacia la concordia, bajo la coalici\u00f3n de lenguajes [&hellip;]<\/p>\n","protected":false},"author":1,"featured_media":43805,"comment_status":"closed","ping_status":"closed","sticky":false,"template":"","format":"standard","meta":{"footnotes":""},"categories":[32],"tags":[],"class_list":["post-43804","post","type-post","status-publish","format-standard","has-post-thumbnail","hentry","category-editorial"],"_links":{"self":[{"href":"https:\/\/elinformante.mx\/index.php?rest_route=\/wp\/v2\/posts\/43804","targetHints":{"allow":["GET"]}}],"collection":[{"href":"https:\/\/elinformante.mx\/index.php?rest_route=\/wp\/v2\/posts"}],"about":[{"href":"https:\/\/elinformante.mx\/index.php?rest_route=\/wp\/v2\/types\/post"}],"author":[{"embeddable":true,"href":"https:\/\/elinformante.mx\/index.php?rest_route=\/wp\/v2\/users\/1"}],"replies":[{"embeddable":true,"href":"https:\/\/elinformante.mx\/index.php?rest_route=%2Fwp%2Fv2%2Fcomments&post=43804"}],"version-history":[{"count":0,"href":"https:\/\/elinformante.mx\/index.php?rest_route=\/wp\/v2\/posts\/43804\/revisions"}],"wp:featuredmedia":[{"embeddable":true,"href":"https:\/\/elinformante.mx\/index.php?rest_route=\/wp\/v2\/media\/43805"}],"wp:attachment":[{"href":"https:\/\/elinformante.mx\/index.php?rest_route=%2Fwp%2Fv2%2Fmedia&parent=43804"}],"wp:term":[{"taxonomy":"category","embeddable":true,"href":"https:\/\/elinformante.mx\/index.php?rest_route=%2Fwp%2Fv2%2Fcategories&post=43804"},{"taxonomy":"post_tag","embeddable":true,"href":"https:\/\/elinformante.mx\/index.php?rest_route=%2Fwp%2Fv2%2Ftags&post=43804"}],"curies":[{"name":"wp","href":"https:\/\/api.w.org\/{rel}","templated":true}]}}