{"id":43811,"date":"2023-12-18T07:06:06","date_gmt":"2023-12-18T13:06:06","guid":{"rendered":"https:\/\/elinformante.mx\/?p=43811"},"modified":"2023-12-18T07:06:07","modified_gmt":"2023-12-18T13:06:07","slug":"enrique-vargas-del-villar-ratificado-por-el-pan-para-el-senado-en-edomex","status":"publish","type":"post","link":"https:\/\/elinformante.mx\/?p=43811","title":{"rendered":"Enrique Vargas del Villar ratificado por el PAN para el Senado en Edom\u00e9x"},"content":{"rendered":"\n<blockquote class=\"wp-block-quote is-layout-flow wp-block-quote-is-layout-flow\">\n<p>El coordinador del grupo parlamentario de Acci\u00f3n Nacional en el Congreso local y expresidente municipal de Huixquilucan expres\u00f3 su compromiso con el pueblo del Estado de M\u00e9xico.<\/p>\n<\/blockquote>\n\n\n\n<p>El Partido Acci\u00f3n Nacional (PAN) confirm\u00f3 a Enrique Vargas del Villar como su candidato al Senado por el Estado de M\u00e9xico.<br><\/p>\n\n\n\n<p>Fue durante una sesi\u00f3n solemne que Enrique Vargas del Villar se registr\u00f3 como precandidato al Senado por el Estado de M\u00e9xico.<br><\/p>\n\n\n\n<figure class=\"wp-block-image size-large\"><img fetchpriority=\"high\" decoding=\"async\" width=\"1024\" height=\"503\" src=\"https:\/\/elinformante.mx\/wp-content\/uploads\/2023\/12\/enrique-vargas-2-1-1024x503.jpg\" alt=\"\" class=\"wp-image-43813\" srcset=\"https:\/\/elinformante.mx\/wp-content\/uploads\/2023\/12\/enrique-vargas-2-1-1024x503.jpg 1024w, https:\/\/elinformante.mx\/wp-content\/uploads\/2023\/12\/enrique-vargas-2-1-300x147.jpg 300w, https:\/\/elinformante.mx\/wp-content\/uploads\/2023\/12\/enrique-vargas-2-1-768x377.jpg 768w, https:\/\/elinformante.mx\/wp-content\/uploads\/2023\/12\/enrique-vargas-2-1-580x285.jpg 580w, https:\/\/elinformante.mx\/wp-content\/uploads\/2023\/12\/enrique-vargas-2-1-860x422.jpg 860w, https:\/\/elinformante.mx\/wp-content\/uploads\/2023\/12\/enrique-vargas-2-1.jpg 1140w\" sizes=\"(max-width: 1024px) 100vw, 1024px\" \/><\/figure>\n\n\n\n<p>Acompa\u00f1ado por Anuar Azar, presidente estatal del PAN, y de la secretaria general, Teresa Ginez, Vargas del Villar acudi\u00f3 a la sede del Comit\u00e9 Ejecutivo Nacional (CEN) para inscribir su intenci\u00f3n de participar en el proceso interno en busca de una de las candidaturas a senador por el Estado de M\u00e9xico.<br><\/p>\n\n\n\n<p>Su registro fue aprobado tras la revisi\u00f3n de sus documentos, con H\u00e9ctor Quezada Quezada como compa\u00f1ero de f\u00f3rmula.<br><\/p>\n\n\n\n<figure class=\"wp-block-image size-large\"><img decoding=\"async\" width=\"1024\" height=\"503\" src=\"https:\/\/elinformante.mx\/wp-content\/uploads\/2023\/12\/enrique-vargas-4-1024x503.jpg\" alt=\"\" class=\"wp-image-43814\" srcset=\"https:\/\/elinformante.mx\/wp-content\/uploads\/2023\/12\/enrique-vargas-4-1024x503.jpg 1024w, https:\/\/elinformante.mx\/wp-content\/uploads\/2023\/12\/enrique-vargas-4-300x147.jpg 300w, https:\/\/elinformante.mx\/wp-content\/uploads\/2023\/12\/enrique-vargas-4-768x377.jpg 768w, https:\/\/elinformante.mx\/wp-content\/uploads\/2023\/12\/enrique-vargas-4-580x285.jpg 580w, https:\/\/elinformante.mx\/wp-content\/uploads\/2023\/12\/enrique-vargas-4-860x422.jpg 860w, https:\/\/elinformante.mx\/wp-content\/uploads\/2023\/12\/enrique-vargas-4.jpg 1140w\" sizes=\"(max-width: 1024px) 100vw, 1024px\" \/><\/figure>\n\n\n\n<p>Vargas del Villar expres\u00f3 su confianza en un proceso electoral exitoso, recordando sus triunfos previos en Huixquilucan y su determinaci\u00f3n para ganar nuevamente en 2024.<br><\/p>\n\n\n\n<p>El precandidato destac\u00f3 la importancia de la unidad entre los partidos PAN, PRI y PRD, proyectando victorias en todo el Estado de M\u00e9xico.<br><\/p>\n\n\n\n<figure class=\"wp-block-image size-large\"><img decoding=\"async\" width=\"1024\" height=\"503\" src=\"https:\/\/elinformante.mx\/wp-content\/uploads\/2023\/12\/enrique-vargas-5-1024x503.jpg\" alt=\"\" class=\"wp-image-43815\" srcset=\"https:\/\/elinformante.mx\/wp-content\/uploads\/2023\/12\/enrique-vargas-5-1024x503.jpg 1024w, https:\/\/elinformante.mx\/wp-content\/uploads\/2023\/12\/enrique-vargas-5-300x147.jpg 300w, https:\/\/elinformante.mx\/wp-content\/uploads\/2023\/12\/enrique-vargas-5-768x377.jpg 768w, https:\/\/elinformante.mx\/wp-content\/uploads\/2023\/12\/enrique-vargas-5-580x285.jpg 580w, https:\/\/elinformante.mx\/wp-content\/uploads\/2023\/12\/enrique-vargas-5-860x422.jpg 860w, https:\/\/elinformante.mx\/wp-content\/uploads\/2023\/12\/enrique-vargas-5.jpg 1140w\" sizes=\"(max-width: 1024px) 100vw, 1024px\" \/><\/figure>\n\n\n\n<p>El Consejo Nacional del PAN tambi\u00e9n ratific\u00f3 a otras figuras prominentes como candidatos plurinominales al Senado, incluyendo a Marko Cort\u00e9s, Karen Michel Gonz\u00e1lez M\u00e1rquez, Ricardo Anaya, Lilly T\u00e9llez Garc\u00eda y varios otros, todos aportando sus fortalezas y experiencias \u00fanicas al partido.<br><\/p>\n\n\n\n<p>La ratificaci\u00f3n de Enrique Vargas del Villar y otros l\u00edderes del PAN refleja un compromiso firme del partido hacia el fortalecimiento y la unidad en el Estado de M\u00e9xico. Este paso adelante promete traer un cambio significativo en el panorama pol\u00edtico estatal y nacional.<\/p>\n","protected":false},"excerpt":{"rendered":"<p>El coordinador del grupo parlamentario de Acci\u00f3n Nacional en el Congreso local y expresidente municipal de Huixquilucan expres\u00f3 su compromiso con el pueblo del Estado de M\u00e9xico. El Partido Acci\u00f3n Nacional (PAN) confirm\u00f3 a Enrique Vargas del Villar como su candidato al Senado por el Estado de M\u00e9xico. Fue durante una sesi\u00f3n solemne que Enrique [&hellip;]<\/p>\n","protected":false},"author":1,"featured_media":43812,"comment_status":"closed","ping_status":"closed","sticky":false,"template":"","format":"standard","meta":{"footnotes":""},"categories":[30,31],"tags":[],"class_list":["post-43811","post","type-post","status-publish","format-standard","has-post-thumbnail","hentry","category-destacado","category-portada"],"_links":{"self":[{"href":"https:\/\/elinformante.mx\/index.php?rest_route=\/wp\/v2\/posts\/43811","targetHints":{"allow":["GET"]}}],"collection":[{"href":"https:\/\/elinformante.mx\/index.php?rest_route=\/wp\/v2\/posts"}],"about":[{"href":"https:\/\/elinformante.mx\/index.php?rest_route=\/wp\/v2\/types\/post"}],"author":[{"embeddable":true,"href":"https:\/\/elinformante.mx\/index.php?rest_route=\/wp\/v2\/users\/1"}],"replies":[{"embeddable":true,"href":"https:\/\/elinformante.mx\/index.php?rest_route=%2Fwp%2Fv2%2Fcomments&post=43811"}],"version-history":[{"count":0,"href":"https:\/\/elinformante.mx\/index.php?rest_route=\/wp\/v2\/posts\/43811\/revisions"}],"wp:featuredmedia":[{"embeddable":true,"href":"https:\/\/elinformante.mx\/index.php?rest_route=\/wp\/v2\/media\/43812"}],"wp:attachment":[{"href":"https:\/\/elinformante.mx\/index.php?rest_route=%2Fwp%2Fv2%2Fmedia&parent=43811"}],"wp:term":[{"taxonomy":"category","embeddable":true,"href":"https:\/\/elinformante.mx\/index.php?rest_route=%2Fwp%2Fv2%2Fcategories&post=43811"},{"taxonomy":"post_tag","embeddable":true,"href":"https:\/\/elinformante.mx\/index.php?rest_route=%2Fwp%2Fv2%2Ftags&post=43811"}],"curies":[{"name":"wp","href":"https:\/\/api.w.org\/{rel}","templated":true}]}}