{"id":43817,"date":"2023-12-18T07:07:45","date_gmt":"2023-12-18T13:07:45","guid":{"rendered":"https:\/\/elinformante.mx\/?p=43817"},"modified":"2023-12-18T07:07:46","modified_gmt":"2023-12-18T13:07:46","slug":"para-fiestas-decembrinas-un-millon-de-connacionales-llegaran-a-mexico","status":"publish","type":"post","link":"https:\/\/elinformante.mx\/?p=43817","title":{"rendered":"Para fiestas decembrinas un mill\u00f3n de connacionales llegar\u00e1n a M\u00e9xico"},"content":{"rendered":"\n<blockquote class=\"wp-block-quote is-layout-flow wp-block-quote-is-layout-flow\">\n<p>Con motivo del D\u00eda Internacional del Migrante, que se conmemora el 18 de diciembre de cada a\u00f1o, se organizan caravanas para recibir a los migrantes mexicanos.<\/p>\n<\/blockquote>\n\n\n\n<p>Se estima que un mill\u00f3n de paisanos retornar\u00e1n a M\u00e9xico desde Estados Unidos para pasar la temporada navide\u00f1a, estim\u00f3 el senador Jos\u00e9 Narro C\u00e9spedes, por lo que invit\u00f3 a participar en la caravana \u201cPaisan@s Segur@s\u201d.<br><\/p>\n\n\n\n<p>Es un proyecto para acompa\u00f1ar a los migrantes que regresan a su ciudad de origen con motivo de las festividades de fin de a\u00f1o y garantizar su seguridad en su recorrido.<br><\/p>\n\n\n\n<p>Narro C\u00e9spedes explic\u00f3 que la Caravana Migrante 2023 inici\u00f3 el pasado 15 de diciembre, y que quienes participen se dirigir\u00e1n hacia los seis puntos principales de ingreso al pa\u00eds: Matamoros, Reynosa, Nuevo Laredo, Piedras Negras, Ciudad Ju\u00e1rez y Tijuana, \u201cque nos hermanan con Estados Unidos\u201d.<br><\/p>\n\n\n\n<p>Desde esos lugares, agreg\u00f3, se acompa\u00f1ar\u00e1 a los connacionales que regresan a M\u00e9xico, a sus comunidades de origen.<br><\/p>\n\n\n\n<p>Explic\u00f3 que, con motivo del D\u00eda Internacional del Migrante, que se conmemora el 18 de diciembre de cada a\u00f1o, se organizan caravanas para recibir a los migrantes mexicanos, que ser\u00e1n resguardados por la Guardia Nacional, polic\u00edas estatales, \u00c1ngeles Verdes, funcionarios del Instituto Nacional de Migraci\u00f3n y representantes de Derechos Humanos, en alrededor de 200 veh\u00edculos.<br><\/p>\n\n\n\n<p>Destac\u00f3 que hay 40 millones de mexicanos que viven en Estados Unidos y miles de ellos regresan para convivir con su pueblo, por lo que, con estas acciones se les agradece lo mucho que han hecho por M\u00e9xico, por su gente, por sus familias y por sus comunidades.<br><\/p>\n\n\n\n<p>Coment\u00f3 que con esta recepci\u00f3n a los mexicanos que radican en Estados Unidos se busca que regresen sin peligro, sin temor de ser robados, atracados, lastimados, asaltados o afectados en estos viajes de retorno.<br><\/p>\n\n\n\n<p>El legislador tambi\u00e9n anunci\u00f3 que los d\u00edas 18 y 19 de diciembre se llevar\u00e1 a cabo la Tercera Convenci\u00f3n Internacional de Derechos Humanos, Migraci\u00f3n y del Trabajo, en el teatro Calder\u00f3n de la Universidad Aut\u00f3noma de Zacatecas, para analizar las pol\u00edticas p\u00fablicas que necesita el pa\u00eds en este tema.<\/p>\n","protected":false},"excerpt":{"rendered":"<p>Con motivo del D\u00eda Internacional del Migrante, que se conmemora el 18 de diciembre de cada a\u00f1o, se organizan caravanas para recibir a los migrantes mexicanos. Se estima que un mill\u00f3n de paisanos retornar\u00e1n a M\u00e9xico desde Estados Unidos para pasar la temporada navide\u00f1a, estim\u00f3 el senador Jos\u00e9 Narro C\u00e9spedes, por lo que invit\u00f3 a [&hellip;]<\/p>\n","protected":false},"author":1,"featured_media":43818,"comment_status":"closed","ping_status":"closed","sticky":false,"template":"","format":"standard","meta":{"footnotes":""},"categories":[30,31],"tags":[],"class_list":["post-43817","post","type-post","status-publish","format-standard","has-post-thumbnail","hentry","category-destacado","category-portada"],"_links":{"self":[{"href":"https:\/\/elinformante.mx\/index.php?rest_route=\/wp\/v2\/posts\/43817","targetHints":{"allow":["GET"]}}],"collection":[{"href":"https:\/\/elinformante.mx\/index.php?rest_route=\/wp\/v2\/posts"}],"about":[{"href":"https:\/\/elinformante.mx\/index.php?rest_route=\/wp\/v2\/types\/post"}],"author":[{"embeddable":true,"href":"https:\/\/elinformante.mx\/index.php?rest_route=\/wp\/v2\/users\/1"}],"replies":[{"embeddable":true,"href":"https:\/\/elinformante.mx\/index.php?rest_route=%2Fwp%2Fv2%2Fcomments&post=43817"}],"version-history":[{"count":0,"href":"https:\/\/elinformante.mx\/index.php?rest_route=\/wp\/v2\/posts\/43817\/revisions"}],"wp:featuredmedia":[{"embeddable":true,"href":"https:\/\/elinformante.mx\/index.php?rest_route=\/wp\/v2\/media\/43818"}],"wp:attachment":[{"href":"https:\/\/elinformante.mx\/index.php?rest_route=%2Fwp%2Fv2%2Fmedia&parent=43817"}],"wp:term":[{"taxonomy":"category","embeddable":true,"href":"https:\/\/elinformante.mx\/index.php?rest_route=%2Fwp%2Fv2%2Fcategories&post=43817"},{"taxonomy":"post_tag","embeddable":true,"href":"https:\/\/elinformante.mx\/index.php?rest_route=%2Fwp%2Fv2%2Ftags&post=43817"}],"curies":[{"name":"wp","href":"https:\/\/api.w.org\/{rel}","templated":true}]}}