{"id":43820,"date":"2023-12-18T07:10:54","date_gmt":"2023-12-18T13:10:54","guid":{"rendered":"https:\/\/elinformante.mx\/?p=43820"},"modified":"2023-12-18T07:11:52","modified_gmt":"2023-12-18T13:11:52","slug":"tren-maya-un-sueno-hecho-realidad","status":"publish","type":"post","link":"https:\/\/elinformante.mx\/?p=43820","title":{"rendered":"TREN MAYA: UN SUE\u00d1O HECHO REALIDAD"},"content":{"rendered":"\n<blockquote class=\"wp-block-quote is-layout-flow wp-block-quote-is-layout-flow\">\n<p>La magna obra del sexenio inicia su operaci\u00f3n, la cual concretar\u00e1 a mediados de febrero del 2024.<\/p>\n<\/blockquote>\n\n\n\n<p>El 26 de marzo del a\u00f1o en curso, el presidente Andr\u00e9s Manuel L\u00f3pez Obrador asegur\u00f3 que la construcci\u00f3n del Tren Maya era como un sue\u00f1o que muy pronto se volver\u00e1 realidad y este 15 de diciembre escribi\u00f3 en sus redes sociales: \u201cEs un d\u00eda muy especial para el sureste\u201d.<br><\/p>\n\n\n\n<p>La raz\u00f3n de ello fue que se inaugur\u00f3 el primer tramo del Tren Maya, para cuya obra se contrataron a cerca de 100 mil trabajadores de la construcci\u00f3n de todo el pa\u00eds, entre fierreros y soldadores.<br><\/p>\n\n\n\n<p>Se trat\u00f3 de los primeros 473 kil\u00f3metros del Tren Maya y el presidente record\u00f3 que ser\u00e1n tres las inauguraciones para que el Tren Maya est\u00e9 completo en su operaci\u00f3n, la siguiente ser\u00e1 el 31 de diciembre y la \u00faltima a finales de febrero de 2024, cuando en realidad estar\u00e1 lista la obra.<br><\/p>\n\n\n\n<figure class=\"wp-block-image size-large\"><img fetchpriority=\"high\" decoding=\"async\" width=\"1024\" height=\"503\" src=\"https:\/\/elinformante.mx\/wp-content\/uploads\/2023\/12\/TREN-MAYA-2-1024x503.jpg\" alt=\"\" class=\"wp-image-43822\" srcset=\"https:\/\/elinformante.mx\/wp-content\/uploads\/2023\/12\/TREN-MAYA-2-1024x503.jpg 1024w, https:\/\/elinformante.mx\/wp-content\/uploads\/2023\/12\/TREN-MAYA-2-300x147.jpg 300w, https:\/\/elinformante.mx\/wp-content\/uploads\/2023\/12\/TREN-MAYA-2-768x377.jpg 768w, https:\/\/elinformante.mx\/wp-content\/uploads\/2023\/12\/TREN-MAYA-2-580x285.jpg 580w, https:\/\/elinformante.mx\/wp-content\/uploads\/2023\/12\/TREN-MAYA-2-860x422.jpg 860w, https:\/\/elinformante.mx\/wp-content\/uploads\/2023\/12\/TREN-MAYA-2.jpg 1140w\" sizes=\"(max-width: 1024px) 100vw, 1024px\" \/><\/figure>\n\n\n\n<p>El Tren Maya tiene por objetivo ser un proyecto integral de reordenamiento territorial, infraestructura y turismo sustentable que conectar\u00e1 los principales destinos tur\u00edsticos de los estados de Chiapas, Campeche, Tabasco, Yucat\u00e1n y Quintana Roo.<br><\/p>\n\n\n\n<p>La colocaci\u00f3n de la primera piedra de su construcci\u00f3n se hizo el 16 de diciembre de 2018 y se pretende que el tren ofrezca tres tipos de servicios: transporte masivo, tur\u00edstico y mercantil.<br><\/p>\n\n\n\n<p>En la ruta se contemplan 17 estaciones: Palenque, Tenosique, Balanc\u00e1n, Esc\u00e1rcega, San Francisco de Campeche, M\u00e9rida, Izamal, Chich\u00e9n Itz\u00e1, Valladolid, Cob\u00e1, Canc\u00fan, Puerto Morelos, Playa del Carmen, Tulum, Felipe Carrillo Puerto, Bacalar y Calakmul.<br><\/p>\n\n\n\n<figure class=\"wp-block-image size-large\"><img decoding=\"async\" width=\"1024\" height=\"503\" src=\"https:\/\/elinformante.mx\/wp-content\/uploads\/2023\/12\/TREN-MAYA-1024x503.jpg\" alt=\"\" class=\"wp-image-43823\" srcset=\"https:\/\/elinformante.mx\/wp-content\/uploads\/2023\/12\/TREN-MAYA-1024x503.jpg 1024w, https:\/\/elinformante.mx\/wp-content\/uploads\/2023\/12\/TREN-MAYA-300x147.jpg 300w, https:\/\/elinformante.mx\/wp-content\/uploads\/2023\/12\/TREN-MAYA-768x377.jpg 768w, https:\/\/elinformante.mx\/wp-content\/uploads\/2023\/12\/TREN-MAYA-580x285.jpg 580w, https:\/\/elinformante.mx\/wp-content\/uploads\/2023\/12\/TREN-MAYA-860x422.jpg 860w, https:\/\/elinformante.mx\/wp-content\/uploads\/2023\/12\/TREN-MAYA.jpg 1140w\" sizes=\"(max-width: 1024px) 100vw, 1024px\" \/><\/figure>\n\n\n\n<p>En cuanto a la ruta que seguir\u00e1 el tren, el 95% del trazo pasar\u00e1 por derechos de v\u00eda ya existentes. Ello implica que este transporte pasar\u00e1 por terrenos que ya est\u00e1n acondicionados para carreteras y v\u00edas ferroviarias.<br><\/p>\n\n\n\n<p>En total, el Tren Maya recorrer\u00e1 cerca 1,460 kil\u00f3metros, lo cual generar\u00e1 empleos y detonar\u00e1 la econom\u00eda de la regi\u00f3n.<br><\/p>\n\n\n\n<p>Sumado a ello, la construcci\u00f3n de este medio de transporte masivo ayudar\u00e1 a contener el crecimiento urbano de las ciudades de la regi\u00f3n, reduciendo la migraci\u00f3n y descentralizaci\u00f3n. Esto \u00faltimo tambi\u00e9n implicar\u00e1 una mejor conservaci\u00f3n de la cultura y tradiciones locales.<\/p>\n\n\n\n<figure class=\"wp-block-image size-large\"><img decoding=\"async\" width=\"1024\" height=\"503\" src=\"https:\/\/elinformante.mx\/wp-content\/uploads\/2023\/12\/TREN-MAYA-8-1024x503.jpg\" alt=\"\" class=\"wp-image-43824\" srcset=\"https:\/\/elinformante.mx\/wp-content\/uploads\/2023\/12\/TREN-MAYA-8-1024x503.jpg 1024w, https:\/\/elinformante.mx\/wp-content\/uploads\/2023\/12\/TREN-MAYA-8-300x147.jpg 300w, https:\/\/elinformante.mx\/wp-content\/uploads\/2023\/12\/TREN-MAYA-8-768x377.jpg 768w, https:\/\/elinformante.mx\/wp-content\/uploads\/2023\/12\/TREN-MAYA-8-580x285.jpg 580w, https:\/\/elinformante.mx\/wp-content\/uploads\/2023\/12\/TREN-MAYA-8-860x422.jpg 860w, https:\/\/elinformante.mx\/wp-content\/uploads\/2023\/12\/TREN-MAYA-8.jpg 1140w\" sizes=\"(max-width: 1024px) 100vw, 1024px\" \/><\/figure>\n","protected":false},"excerpt":{"rendered":"<p>La magna obra del sexenio inicia su operaci\u00f3n, la cual concretar\u00e1 a mediados de febrero del 2024. El 26 de marzo del a\u00f1o en curso, el presidente Andr\u00e9s Manuel L\u00f3pez Obrador asegur\u00f3 que la construcci\u00f3n del Tren Maya era como un sue\u00f1o que muy pronto se volver\u00e1 realidad y este 15 de diciembre escribi\u00f3 en [&hellip;]<\/p>\n","protected":false},"author":1,"featured_media":43821,"comment_status":"closed","ping_status":"closed","sticky":false,"template":"","format":"standard","meta":{"footnotes":""},"categories":[30,31],"tags":[],"class_list":["post-43820","post","type-post","status-publish","format-standard","has-post-thumbnail","hentry","category-destacado","category-portada"],"_links":{"self":[{"href":"https:\/\/elinformante.mx\/index.php?rest_route=\/wp\/v2\/posts\/43820","targetHints":{"allow":["GET"]}}],"collection":[{"href":"https:\/\/elinformante.mx\/index.php?rest_route=\/wp\/v2\/posts"}],"about":[{"href":"https:\/\/elinformante.mx\/index.php?rest_route=\/wp\/v2\/types\/post"}],"author":[{"embeddable":true,"href":"https:\/\/elinformante.mx\/index.php?rest_route=\/wp\/v2\/users\/1"}],"replies":[{"embeddable":true,"href":"https:\/\/elinformante.mx\/index.php?rest_route=%2Fwp%2Fv2%2Fcomments&post=43820"}],"version-history":[{"count":0,"href":"https:\/\/elinformante.mx\/index.php?rest_route=\/wp\/v2\/posts\/43820\/revisions"}],"wp:featuredmedia":[{"embeddable":true,"href":"https:\/\/elinformante.mx\/index.php?rest_route=\/wp\/v2\/media\/43821"}],"wp:attachment":[{"href":"https:\/\/elinformante.mx\/index.php?rest_route=%2Fwp%2Fv2%2Fmedia&parent=43820"}],"wp:term":[{"taxonomy":"category","embeddable":true,"href":"https:\/\/elinformante.mx\/index.php?rest_route=%2Fwp%2Fv2%2Fcategories&post=43820"},{"taxonomy":"post_tag","embeddable":true,"href":"https:\/\/elinformante.mx\/index.php?rest_route=%2Fwp%2Fv2%2Ftags&post=43820"}],"curies":[{"name":"wp","href":"https:\/\/api.w.org\/{rel}","templated":true}]}}