{"id":43933,"date":"2023-12-20T04:24:57","date_gmt":"2023-12-20T10:24:57","guid":{"rendered":"https:\/\/elinformante.mx\/?p=43933"},"modified":"2023-12-20T04:24:58","modified_gmt":"2023-12-20T10:24:58","slug":"entrega-amlo-el-premio-nacional-del-deporte-2023","status":"publish","type":"post","link":"https:\/\/elinformante.mx\/?p=43933","title":{"rendered":"Entrega AMLO el Premio Nacional del Deporte 2023"},"content":{"rendered":"\n<blockquote class=\"wp-block-quote is-layout-flow wp-block-quote-is-layout-flow\">\n<p>Refrend\u00f3 el compromiso del Gobierno de mantener los est\u00edmulos a deportistas a partir del Instituto para Devolver al Pueblo lo Robado.<\/p>\n<\/blockquote>\n\n\n\n<p>El presidente de M\u00e9xico, Andr\u00e9s Manuel L\u00f3pez Obrador entreg\u00f3 el Premio Nacional del Deporte 2023 a la Selecci\u00f3n Mexicana de Beisbol; adem\u00e1s de est\u00edmulos a las delegaciones mexicanas que participaron en los Juegos Panamericanos y Parapanamericanos Santiago de Chile 2023.<br><\/p>\n\n\n\n<p>El premio fue recibido por los jugadores Jorge Luis Hern\u00e1ndez Urquidy, Giovanny Gallegos, Luis Fernando Ur\u00edas, Randy Arozarena y el manager Benjam\u00edn Gil.<br><\/p>\n\n\n\n<figure class=\"wp-block-image size-large\"><img fetchpriority=\"high\" decoding=\"async\" width=\"1024\" height=\"503\" src=\"https:\/\/elinformante.mx\/wp-content\/uploads\/2023\/12\/ENTREGA-AMLO-1024x503.jpg\" alt=\"\" class=\"wp-image-43935\" srcset=\"https:\/\/elinformante.mx\/wp-content\/uploads\/2023\/12\/ENTREGA-AMLO-1024x503.jpg 1024w, https:\/\/elinformante.mx\/wp-content\/uploads\/2023\/12\/ENTREGA-AMLO-300x147.jpg 300w, https:\/\/elinformante.mx\/wp-content\/uploads\/2023\/12\/ENTREGA-AMLO-768x377.jpg 768w, https:\/\/elinformante.mx\/wp-content\/uploads\/2023\/12\/ENTREGA-AMLO-580x285.jpg 580w, https:\/\/elinformante.mx\/wp-content\/uploads\/2023\/12\/ENTREGA-AMLO-860x422.jpg 860w, https:\/\/elinformante.mx\/wp-content\/uploads\/2023\/12\/ENTREGA-AMLO.jpg 1140w\" sizes=\"(max-width: 1024px) 100vw, 1024px\" \/><\/figure>\n\n\n\n<p>Cabe destacar que el mandatario mexicano y la superestrella de los Tampa Bay Rays, Randy Arozarena realizaron el tradicional festejo del beisbolista mexicano.<br><\/p>\n\n\n\n<p>\u201cFelicitar a los familiares de los deportistas. Como se ha dicho, no se hace nada sin el apoyo de la familia, eso es lo fundamental. Tambi\u00e9n a los entrenadores que ayudan, ah\u00ed est\u00e1n\u2026 Los deportistas, nuestro reconocimiento, estamos muy orgullosos del desempe\u00f1o, de lo conseguido en los Juegos Panamericanos, prepararse para Ol\u00edmpicos de Par\u00eds 2024, tenemos con qu\u00e9, podemos obtener muchas medallas en las Olimpiadas. Aqu\u00ed les voy a abanderar y recibir con todas las medallas para que reciban un homenaje\u201d, mencion\u00f3 L\u00f3pez Obrador.<br><\/p>\n\n\n\n<figure class=\"wp-block-image size-large\"><img decoding=\"async\" width=\"1024\" height=\"503\" src=\"https:\/\/elinformante.mx\/wp-content\/uploads\/2023\/12\/ENTREGA-AMLO-2-1024x503.jpg\" alt=\"\" class=\"wp-image-43936\" srcset=\"https:\/\/elinformante.mx\/wp-content\/uploads\/2023\/12\/ENTREGA-AMLO-2-1024x503.jpg 1024w, https:\/\/elinformante.mx\/wp-content\/uploads\/2023\/12\/ENTREGA-AMLO-2-300x147.jpg 300w, https:\/\/elinformante.mx\/wp-content\/uploads\/2023\/12\/ENTREGA-AMLO-2-768x377.jpg 768w, https:\/\/elinformante.mx\/wp-content\/uploads\/2023\/12\/ENTREGA-AMLO-2-580x285.jpg 580w, https:\/\/elinformante.mx\/wp-content\/uploads\/2023\/12\/ENTREGA-AMLO-2-860x422.jpg 860w, https:\/\/elinformante.mx\/wp-content\/uploads\/2023\/12\/ENTREGA-AMLO-2.jpg 1140w\" sizes=\"(max-width: 1024px) 100vw, 1024px\" \/><\/figure>\n\n\n\n<p>Por otro lado, al momento de entregar el reconocimiento a Eddy Reynoso, invit\u00f3 a Sa\u00fal \u2018El Canelo\u2019 \u00c1lvarez a subir al presidio y tomarse la foto del recuerdo.<\/p>\n\n\n\n<p>Los galardonados fueron:<\/p>\n\n\n\n<ul class=\"wp-block-list\">\n<li>Modalidad Deporte Paral\u00edmpico: Arnulfo Castorena.<\/li>\n\n\n\n<li>Modalidad Juez-\u00c1rbitro: Blanca Cecilia Casale Palestino<\/li>\n\n\n\n<li>Modalidad de Entrenador: Eddy Reinoso<\/li>\n\n\n\n<li>Modalidad Trayectoria Destacada: Jorge Luis Mart\u00ednez Morales.<\/li>\n\n\n\n<li>Modalidad Deporte no Profesional: Carlos Sansores.<\/li>\n\n\n\n<li>Modalidad Deporte no Profesional: Alejandra Valencia.<\/li>\n\n\n\n<li>Modalidad Deporte Profesional: Selecci\u00f3n Mexicana de Beisbol<\/li>\n<\/ul>\n","protected":false},"excerpt":{"rendered":"<p>Refrend\u00f3 el compromiso del Gobierno de mantener los est\u00edmulos a deportistas a partir del Instituto para Devolver al Pueblo lo Robado. El presidente de M\u00e9xico, Andr\u00e9s Manuel L\u00f3pez Obrador entreg\u00f3 el Premio Nacional del Deporte 2023 a la Selecci\u00f3n Mexicana de Beisbol; adem\u00e1s de est\u00edmulos a las delegaciones mexicanas que participaron en los Juegos Panamericanos [&hellip;]<\/p>\n","protected":false},"author":1,"featured_media":43934,"comment_status":"closed","ping_status":"closed","sticky":false,"template":"","format":"standard","meta":{"footnotes":""},"categories":[38,30],"tags":[],"class_list":["post-43933","post","type-post","status-publish","format-standard","has-post-thumbnail","hentry","category-deportes","category-destacado"],"_links":{"self":[{"href":"https:\/\/elinformante.mx\/index.php?rest_route=\/wp\/v2\/posts\/43933","targetHints":{"allow":["GET"]}}],"collection":[{"href":"https:\/\/elinformante.mx\/index.php?rest_route=\/wp\/v2\/posts"}],"about":[{"href":"https:\/\/elinformante.mx\/index.php?rest_route=\/wp\/v2\/types\/post"}],"author":[{"embeddable":true,"href":"https:\/\/elinformante.mx\/index.php?rest_route=\/wp\/v2\/users\/1"}],"replies":[{"embeddable":true,"href":"https:\/\/elinformante.mx\/index.php?rest_route=%2Fwp%2Fv2%2Fcomments&post=43933"}],"version-history":[{"count":0,"href":"https:\/\/elinformante.mx\/index.php?rest_route=\/wp\/v2\/posts\/43933\/revisions"}],"wp:featuredmedia":[{"embeddable":true,"href":"https:\/\/elinformante.mx\/index.php?rest_route=\/wp\/v2\/media\/43934"}],"wp:attachment":[{"href":"https:\/\/elinformante.mx\/index.php?rest_route=%2Fwp%2Fv2%2Fmedia&parent=43933"}],"wp:term":[{"taxonomy":"category","embeddable":true,"href":"https:\/\/elinformante.mx\/index.php?rest_route=%2Fwp%2Fv2%2Fcategories&post=43933"},{"taxonomy":"post_tag","embeddable":true,"href":"https:\/\/elinformante.mx\/index.php?rest_route=%2Fwp%2Fv2%2Ftags&post=43933"}],"curies":[{"name":"wp","href":"https:\/\/api.w.org\/{rel}","templated":true}]}}