{"id":43938,"date":"2023-12-20T04:26:35","date_gmt":"2023-12-20T10:26:35","guid":{"rendered":"https:\/\/elinformante.mx\/?p=43938"},"modified":"2023-12-20T04:26:36","modified_gmt":"2023-12-20T10:26:36","slug":"vecinos-de-gam-acusan-danos-por-grieta-sin-reparar","status":"publish","type":"post","link":"https:\/\/elinformante.mx\/?p=43938","title":{"rendered":"Vecinos de GAM acusan da\u00f1os por grieta sin reparar"},"content":{"rendered":"\n<blockquote class=\"wp-block-quote is-layout-flow wp-block-quote-is-layout-flow\">\n<p>Indicaron que en marzo del 2021 se abri\u00f3 una enorme grieta que provoc\u00f3 afectaciones en 30 inmuebles, de los cuales 25 tuvieron que ser desalojados.<\/p>\n<\/blockquote>\n\n\n\n<p>Los microsismos registrados la semana pasada provocaron una fuga de agua en la colonia San Juan de Arag\u00f3n Primera Secci\u00f3n, en la alcald\u00eda Gustavo A. Madero, cerca de donde hace dos a\u00f1os apareci\u00f3 una grieta que provoc\u00f3 da\u00f1os en viviendas, se\u00f1alaron vecinos de la zona.<br><\/p>\n\n\n\n<p>Los colonos indicaron que en marzo del 2021 se abri\u00f3 una enorme grieta que provoc\u00f3 afectaciones en 30 inmuebles, de los cuales 25 tuvieron que ser desalojados, pero la fractura en el suelo no ha sido corregida.<br><\/p>\n\n\n\n<p>A\u00f1adieron que a ra\u00edz de los microsismos de la semana pasada se gener\u00f3 una fuga de agua en el cruce de las avenidas 505 y 503, muy cerca de donde est\u00e1 la grieta citada, por lo que temen que se generen nuevos da\u00f1os a viviendas de la zona.<br><\/p>\n\n\n\n<p>A nombre de los vecinos organizados, Mauricio Gonz\u00e1lez dijo que desde marzo del 2021 le han solicitado reiteradamente al alcalde Francisco Ch\u00edguil que promueva una soluci\u00f3n respecto a la grieta que caus\u00f3 da\u00f1os en inmuebles, \u201cpero s\u00f3lo se ha dedicado a entorpecer el proceso\u201d.<br><\/p>\n\n\n\n<p>Mencion\u00f3 que el pasado 10 de noviembre se realiz\u00f3 una reuni\u00f3n de concejales de la Gustavo A. Madero, durante la cual un especialista indic\u00f3 que los estudios se\u00f1alan que una bacteria se est\u00e1 comiendo la tierra, por eso se form\u00f3 la grieta, y que se requiere de entre 24 y 25 millones de pesos para repararla.<br><\/p>\n\n\n\n<p>Mauricio Gonz\u00e1lez asegur\u00f3 que los vecinos han solicitado los estudios sobre la supuesta bacteria, pero las autoridades se niegan a proporcionarlos, por lo que desconocen el estado del subsuelo de la zona.<br><\/p>\n\n\n\n<p>Y a\u00f1adi\u00f3: \u201cA dos a\u00f1os ocho meses, se est\u00e1n notando nuevas grietas y fugas de agua; son los da\u00f1os colaterales de la grieta principal, que se extienden hacia otras calles que anteriormente no estaban afectadas\u201d.<\/p>\n","protected":false},"excerpt":{"rendered":"<p>Indicaron que en marzo del 2021 se abri\u00f3 una enorme grieta que provoc\u00f3 afectaciones en 30 inmuebles, de los cuales 25 tuvieron que ser desalojados. Los microsismos registrados la semana pasada provocaron una fuga de agua en la colonia San Juan de Arag\u00f3n Primera Secci\u00f3n, en la alcald\u00eda Gustavo A. Madero, cerca de donde hace [&hellip;]<\/p>\n","protected":false},"author":1,"featured_media":43939,"comment_status":"closed","ping_status":"closed","sticky":false,"template":"","format":"standard","meta":{"footnotes":""},"categories":[35],"tags":[],"class_list":["post-43938","post","type-post","status-publish","format-standard","has-post-thumbnail","hentry","category-cdmx"],"_links":{"self":[{"href":"https:\/\/elinformante.mx\/index.php?rest_route=\/wp\/v2\/posts\/43938","targetHints":{"allow":["GET"]}}],"collection":[{"href":"https:\/\/elinformante.mx\/index.php?rest_route=\/wp\/v2\/posts"}],"about":[{"href":"https:\/\/elinformante.mx\/index.php?rest_route=\/wp\/v2\/types\/post"}],"author":[{"embeddable":true,"href":"https:\/\/elinformante.mx\/index.php?rest_route=\/wp\/v2\/users\/1"}],"replies":[{"embeddable":true,"href":"https:\/\/elinformante.mx\/index.php?rest_route=%2Fwp%2Fv2%2Fcomments&post=43938"}],"version-history":[{"count":0,"href":"https:\/\/elinformante.mx\/index.php?rest_route=\/wp\/v2\/posts\/43938\/revisions"}],"wp:featuredmedia":[{"embeddable":true,"href":"https:\/\/elinformante.mx\/index.php?rest_route=\/wp\/v2\/media\/43939"}],"wp:attachment":[{"href":"https:\/\/elinformante.mx\/index.php?rest_route=%2Fwp%2Fv2%2Fmedia&parent=43938"}],"wp:term":[{"taxonomy":"category","embeddable":true,"href":"https:\/\/elinformante.mx\/index.php?rest_route=%2Fwp%2Fv2%2Fcategories&post=43938"},{"taxonomy":"post_tag","embeddable":true,"href":"https:\/\/elinformante.mx\/index.php?rest_route=%2Fwp%2Fv2%2Ftags&post=43938"}],"curies":[{"name":"wp","href":"https:\/\/api.w.org\/{rel}","templated":true}]}}