{"id":43941,"date":"2023-12-20T04:32:33","date_gmt":"2023-12-20T10:32:33","guid":{"rendered":"https:\/\/elinformante.mx\/?p=43941"},"modified":"2023-12-20T04:32:34","modified_gmt":"2023-12-20T10:32:34","slug":"blindan-metepec-por-navidad-y-fin-de-ano","status":"publish","type":"post","link":"https:\/\/elinformante.mx\/?p=43941","title":{"rendered":"Blindan Metepec por Navidad y Fin de A\u00f1o"},"content":{"rendered":"\n<blockquote class=\"wp-block-quote is-layout-flow wp-block-quote-is-layout-flow\">\n<p>En el operativo participan elementos de la Direcci\u00f3n de Seguridad P\u00fablica Municipal, Protecci\u00f3n Civil, Bomberos y personal de inspecci\u00f3n de Gobernaci\u00f3n, y el apoyo de fuerzas del Estado de M\u00e9xico y la Guardia Nacional.<\/p>\n<\/blockquote>\n\n\n\n<p>El Ayuntamiento de Metepec puso en marcha este martes 19 de diciembre y hasta el pr\u00f3ximo 7 de enero un blindaje de seguridad con el que busca garantizar la integridad f\u00edsica y patrimonial de los habitantes y visitantes durante el periodo vacacional de Navidad y Fin de A\u00f1o.<br><\/p>\n\n\n\n<p>De acuerdo con las autoridades, en el operativo participan elementos de la Direcci\u00f3n de Seguridad P\u00fablica Municipal, Protecci\u00f3n Civil, Bomberos y personal de inspecci\u00f3n de Gobernaci\u00f3n, y el apoyo de fuerzas del Estado de M\u00e9xico y la Guardia Nacional.<br><\/p>\n\n\n\n<p>El esquema de vigilancia especial se desplegar\u00e1 en todo el territorio de Metepec.<br><\/p>\n\n\n\n<p>La vigilancia ser\u00e1 en lugares tur\u00edsticos de inter\u00e9s como parques y centros comerciales, incluyendo tambi\u00e9n la protecci\u00f3n a casas habitaci\u00f3n, carreteras y caminos.<br><\/p>\n\n\n\n<p>Se especific\u00f3 que la Direcci\u00f3n de Seguridad P\u00fablica Municipal participa con 380 uniformados con m\u00e1s de 80 unidades (patrullas y motocicletas).<br><\/p>\n\n\n\n<p>Las divisiones involucradas son la de Seguridad; Tr\u00e1nsito y Vialidad; Inteligencia; Grupo de Intervenci\u00f3n y Rescate (GIR); Unidad de Apoyo T\u00e1ctico Operativo (UATO); la Unidad Canina K9 con 3 binomios; Unidad de Apoyo al Primer Respondiente (UAPR); Centro de Mando y Equidad de G\u00e9nero.<br><\/p>\n\n\n\n<p>Se sumar\u00e1 Protecci\u00f3n Civil y Bomberos con todo el personal disponible, como param\u00e9dicos y hasta practicantes, mientras que Gobernaci\u00f3n, dispondr\u00e1 de los inspectores para vigilar el funcionamiento adecuado del comercio establecido y de temporada.<br><\/p>\n\n\n\n<p>El operativo se basar\u00e1 tambi\u00e9n en la coordinaci\u00f3n con instancias estatales, como la Secretar\u00eda de Seguridad de la entidad, y fuerzas federales como la Secretar\u00eda de la Defensa Nacional, Secretar\u00eda de Marina Armada de M\u00e9xico y la Guardia Nacional.<br><\/p>\n\n\n\n<p>Cabe mencionar que se dispondr\u00e1 de toda la fuerza municipal con tecnolog\u00eda e inteligencia, entre ellos, drones, c\u00e1maras de videovigilancia, las plataformas de seguridad, la l\u00ednea *7311 y apertura permanente de los Centros de Atenci\u00f3n Inmediata (CAI).<\/p>\n","protected":false},"excerpt":{"rendered":"<p>En el operativo participan elementos de la Direcci\u00f3n de Seguridad P\u00fablica Municipal, Protecci\u00f3n Civil, Bomberos y personal de inspecci\u00f3n de Gobernaci\u00f3n, y el apoyo de fuerzas del Estado de M\u00e9xico y la Guardia Nacional. El Ayuntamiento de Metepec puso en marcha este martes 19 de diciembre y hasta el pr\u00f3ximo 7 de enero un blindaje [&hellip;]<\/p>\n","protected":false},"author":1,"featured_media":43942,"comment_status":"closed","ping_status":"closed","sticky":false,"template":"","format":"standard","meta":{"footnotes":""},"categories":[36],"tags":[],"class_list":["post-43941","post","type-post","status-publish","format-standard","has-post-thumbnail","hentry","category-edomex"],"_links":{"self":[{"href":"https:\/\/elinformante.mx\/index.php?rest_route=\/wp\/v2\/posts\/43941","targetHints":{"allow":["GET"]}}],"collection":[{"href":"https:\/\/elinformante.mx\/index.php?rest_route=\/wp\/v2\/posts"}],"about":[{"href":"https:\/\/elinformante.mx\/index.php?rest_route=\/wp\/v2\/types\/post"}],"author":[{"embeddable":true,"href":"https:\/\/elinformante.mx\/index.php?rest_route=\/wp\/v2\/users\/1"}],"replies":[{"embeddable":true,"href":"https:\/\/elinformante.mx\/index.php?rest_route=%2Fwp%2Fv2%2Fcomments&post=43941"}],"version-history":[{"count":0,"href":"https:\/\/elinformante.mx\/index.php?rest_route=\/wp\/v2\/posts\/43941\/revisions"}],"wp:featuredmedia":[{"embeddable":true,"href":"https:\/\/elinformante.mx\/index.php?rest_route=\/wp\/v2\/media\/43942"}],"wp:attachment":[{"href":"https:\/\/elinformante.mx\/index.php?rest_route=%2Fwp%2Fv2%2Fmedia&parent=43941"}],"wp:term":[{"taxonomy":"category","embeddable":true,"href":"https:\/\/elinformante.mx\/index.php?rest_route=%2Fwp%2Fv2%2Fcategories&post=43941"},{"taxonomy":"post_tag","embeddable":true,"href":"https:\/\/elinformante.mx\/index.php?rest_route=%2Fwp%2Fv2%2Ftags&post=43941"}],"curies":[{"name":"wp","href":"https:\/\/api.w.org\/{rel}","templated":true}]}}