{"id":43944,"date":"2023-12-20T04:35:41","date_gmt":"2023-12-20T10:35:41","guid":{"rendered":"https:\/\/elinformante.mx\/?p=43944"},"modified":"2023-12-20T04:35:42","modified_gmt":"2023-12-20T10:35:42","slug":"realizan-ajustes-en-ayuntamiento-de-toluca-tras-fuga-de-raymundo-n","status":"publish","type":"post","link":"https:\/\/elinformante.mx\/?p=43944","title":{"rendered":"Realizan ajustes en Ayuntamiento de Toluca tras fuga de Raymundo \u201cN\u201d"},"content":{"rendered":"\n<blockquote class=\"wp-block-quote is-layout-flow wp-block-quote-is-layout-flow\">\n<p>La administraci\u00f3n se enfoca en propiciar la gobernabilidad y el bienestar del municipio.<\/p>\n<\/blockquote>\n\n\n\n<p>El presidente municipal sustituto de Toluca, Juan Maccise Naime, realiz\u00f3 una serie de ajustes en diversas direcciones, entre ellas la de seguridad, para dar viabilidad del municipio luego de que Raymundo \u201cN\u201d huyera cuando iba a ser aprehendido tras ser denunciado por varios delitos.<br><\/p>\n\n\n\n<p>Maccise Naime dijo que nombr\u00f3 al Comandante Eduardo Gonz\u00e1lez como Director de Seguridad P\u00fablica Municipal a fin de coordinar una estrategia que funcione para el resto de su mandato.<br><\/p>\n\n\n\n<p>Sumado a ello, hubo diversos cambios en la administraci\u00f3n p\u00fablica municipal, entre ellos la unci\u00f3n de Alfonso Carmona Castro, como primer regidor.<br><\/p>\n\n\n\n<p>Tambi\u00e9n desapareci\u00f3 la Coordinaci\u00f3n de Asesores de la Presidencia municipal, donde cobraba Andr\u00e9s Vergara, y en su lugar se cre\u00f3 la Coordinaci\u00f3n de Promoci\u00f3n y Bienestar institucional.<br><\/p>\n\n\n\n<p>En Administraci\u00f3n P\u00fablica estar\u00e1 Luis \u00c1ngel Serv\u00edn Trejo; Genaro Ru\u00edz L\u00f3pez en la direcci\u00f3n de Gobierno.<br><\/p>\n\n\n\n<p>Otros cambios que se dieron fueron Patricio Adolfo Xim\u00e9nez, quien qued\u00f3 en la direcci\u00f3n de Desarrollo Urbano, el ex secretario del ayuntamiento Marco Antonio Sandoval ser\u00e1 el titular del Organismo de Agua y Saneamiento.<br><\/p>\n\n\n\n<p>En la Contralor\u00eda se nombr\u00f3 como encargado de despacho por 60 d\u00edas a Rub\u00e9n Quiterio Tlachino y se cambi\u00f3 a la directora del Instituto Municipal de la Mujer, donde estar\u00e1 Laura Mitzi Barrientos.<\/p>\n","protected":false},"excerpt":{"rendered":"<p>La administraci\u00f3n se enfoca en propiciar la gobernabilidad y el bienestar del municipio. El presidente municipal sustituto de Toluca, Juan Maccise Naime, realiz\u00f3 una serie de ajustes en diversas direcciones, entre ellas la de seguridad, para dar viabilidad del municipio luego de que Raymundo \u201cN\u201d huyera cuando iba a ser aprehendido tras ser denunciado por [&hellip;]<\/p>\n","protected":false},"author":1,"featured_media":43945,"comment_status":"closed","ping_status":"closed","sticky":false,"template":"","format":"standard","meta":{"footnotes":""},"categories":[36],"tags":[],"class_list":["post-43944","post","type-post","status-publish","format-standard","has-post-thumbnail","hentry","category-edomex"],"_links":{"self":[{"href":"https:\/\/elinformante.mx\/index.php?rest_route=\/wp\/v2\/posts\/43944","targetHints":{"allow":["GET"]}}],"collection":[{"href":"https:\/\/elinformante.mx\/index.php?rest_route=\/wp\/v2\/posts"}],"about":[{"href":"https:\/\/elinformante.mx\/index.php?rest_route=\/wp\/v2\/types\/post"}],"author":[{"embeddable":true,"href":"https:\/\/elinformante.mx\/index.php?rest_route=\/wp\/v2\/users\/1"}],"replies":[{"embeddable":true,"href":"https:\/\/elinformante.mx\/index.php?rest_route=%2Fwp%2Fv2%2Fcomments&post=43944"}],"version-history":[{"count":0,"href":"https:\/\/elinformante.mx\/index.php?rest_route=\/wp\/v2\/posts\/43944\/revisions"}],"wp:featuredmedia":[{"embeddable":true,"href":"https:\/\/elinformante.mx\/index.php?rest_route=\/wp\/v2\/media\/43945"}],"wp:attachment":[{"href":"https:\/\/elinformante.mx\/index.php?rest_route=%2Fwp%2Fv2%2Fmedia&parent=43944"}],"wp:term":[{"taxonomy":"category","embeddable":true,"href":"https:\/\/elinformante.mx\/index.php?rest_route=%2Fwp%2Fv2%2Fcategories&post=43944"},{"taxonomy":"post_tag","embeddable":true,"href":"https:\/\/elinformante.mx\/index.php?rest_route=%2Fwp%2Fv2%2Ftags&post=43944"}],"curies":[{"name":"wp","href":"https:\/\/api.w.org\/{rel}","templated":true}]}}