{"id":43958,"date":"2023-12-20T04:49:16","date_gmt":"2023-12-20T10:49:16","guid":{"rendered":"https:\/\/elinformante.mx\/?p=43958"},"modified":"2023-12-20T04:49:17","modified_gmt":"2023-12-20T10:49:17","slug":"delfina-gomez-realizara-segunda-audiencia-ciudadana-el-22-de-diciembre","status":"publish","type":"post","link":"https:\/\/elinformante.mx\/?p=43958","title":{"rendered":"Delfina G\u00f3mez realizar\u00e1 segunda Audiencia Ciudadana el 22 de diciembre"},"content":{"rendered":"\n<blockquote class=\"wp-block-quote is-layout-flow wp-block-quote-is-layout-flow\">\n<p>La Audiencia Ciudadana contar\u00e1 con la presencia de todo el Gabinete y representantes de la Fiscal\u00eda y Derechos Humanos.<\/p>\n<\/blockquote>\n\n\n\n<p>Con el esp\u00edritu de El Poder de Servir, la Maestra Delfina G\u00f3mez \u00c1lvarez, Gobernadora del Estado de M\u00e9xico abrir\u00e1 nuevamente las puertas de Palacio de Gobierno con sede en Toluca, para realizar la segunda Audiencia Ciudadana, el viernes 22 de diciembre pr\u00f3ximo.<br><\/p>\n\n\n\n<p>La Audiencia Ciudadana contar\u00e1 con la presencia de todo el Gabinete y representantes de la Fiscal\u00eda y Derechos Humanos.<br><\/p>\n\n\n\n<p>\u201cCon mucho agrado informo que este 22 de diciembre abriremos las puertas del Palacio de Gobierno, en Toluca, para llevar a cabo nuestra Segunda #AudienciaCiudadana. Es importante escuchar a los mexiquenses y mantener un gobierno cercano para construir un estado digno y con bienestar. \u00a1Juntos transformamos al Estado de M\u00e9xico. #ElPoderDeServir\u201d, inform\u00f3 la Mandataria Delfina G\u00f3mez a trav\u00e9s de sus redes sociales.<br><\/p>\n\n\n\n<p>Las Audiencias Ciudadanas son ejercicio in\u00e9dito en la historia del Estado de M\u00e9xico, creadas por la Gobernadora Delfina G\u00f3mez, en las cuales los ciudadanos de los 125 municipios hacen peticiones de servicios, gestiones, solicitan oportunidades laborales, inclusi\u00f3n en programas, adem\u00e1s de asesor\u00edas legales o administrativas, entre otras.<br><\/p>\n\n\n\n<p>En las Audiencias Ciudadanas participar\u00e1n las 18 Secretar\u00edas que conforman el Gabinete mexiquense, as\u00ed como representantes de la Fiscal\u00eda General de Justicia del Estado de M\u00e9xico (FGJEM) y de la Comisi\u00f3n de Derechos Humanos del Estado de M\u00e9xico (Codhem).<br><\/p>\n\n\n\n<p>En la primera Audiencia Ciudadana, la Gobernadora Delfina G\u00f3mez y los secretarios y secretarias del Gabinete dieron atenci\u00f3n a m\u00e1s de mil personas durante 12 horas ininterrumpidas de escucha y recepci\u00f3n de documentos.<br><\/p>\n\n\n\n<p>De acuerdo con datos del Gobierno del Estado de M\u00e9xico, con la primera Audiencia Ciudadana las movilizaciones sociales, bloqueos y marchas han disminuido en las \u00faltimas semanas.<\/p>\n","protected":false},"excerpt":{"rendered":"<p>La Audiencia Ciudadana contar\u00e1 con la presencia de todo el Gabinete y representantes de la Fiscal\u00eda y Derechos Humanos. Con el esp\u00edritu de El Poder de Servir, la Maestra Delfina G\u00f3mez \u00c1lvarez, Gobernadora del Estado de M\u00e9xico abrir\u00e1 nuevamente las puertas de Palacio de Gobierno con sede en Toluca, para realizar la segunda Audiencia Ciudadana, [&hellip;]<\/p>\n","protected":false},"author":1,"featured_media":43959,"comment_status":"closed","ping_status":"closed","sticky":false,"template":"","format":"standard","meta":{"footnotes":""},"categories":[36],"tags":[],"class_list":["post-43958","post","type-post","status-publish","format-standard","has-post-thumbnail","hentry","category-edomex"],"_links":{"self":[{"href":"https:\/\/elinformante.mx\/index.php?rest_route=\/wp\/v2\/posts\/43958","targetHints":{"allow":["GET"]}}],"collection":[{"href":"https:\/\/elinformante.mx\/index.php?rest_route=\/wp\/v2\/posts"}],"about":[{"href":"https:\/\/elinformante.mx\/index.php?rest_route=\/wp\/v2\/types\/post"}],"author":[{"embeddable":true,"href":"https:\/\/elinformante.mx\/index.php?rest_route=\/wp\/v2\/users\/1"}],"replies":[{"embeddable":true,"href":"https:\/\/elinformante.mx\/index.php?rest_route=%2Fwp%2Fv2%2Fcomments&post=43958"}],"version-history":[{"count":0,"href":"https:\/\/elinformante.mx\/index.php?rest_route=\/wp\/v2\/posts\/43958\/revisions"}],"wp:featuredmedia":[{"embeddable":true,"href":"https:\/\/elinformante.mx\/index.php?rest_route=\/wp\/v2\/media\/43959"}],"wp:attachment":[{"href":"https:\/\/elinformante.mx\/index.php?rest_route=%2Fwp%2Fv2%2Fmedia&parent=43958"}],"wp:term":[{"taxonomy":"category","embeddable":true,"href":"https:\/\/elinformante.mx\/index.php?rest_route=%2Fwp%2Fv2%2Fcategories&post=43958"},{"taxonomy":"post_tag","embeddable":true,"href":"https:\/\/elinformante.mx\/index.php?rest_route=%2Fwp%2Fv2%2Ftags&post=43958"}],"curies":[{"name":"wp","href":"https:\/\/api.w.org\/{rel}","templated":true}]}}